{"id":7281,"date":"2012-05-04T10:56:34","date_gmt":"2012-05-04T08:56:34","guid":{"rendered":"http:\/\/www.mariaabrahamsson.nu\/?p=7281"},"modified":"2012-05-04T11:04:04","modified_gmt":"2012-05-04T09:04:04","slug":"avtackar-carin-gotblad-med-debatt-om-malmo-och-sodertalje","status":"publish","type":"post","link":"https:\/\/www.mariaabrahamsson.nu\/index.php\/2012\/05\/04\/avtackar-carin-gotblad-med-debatt-om-malmo-och-sodertalje\/","title":{"rendered":"Avtackar G\u00f6tblad med debatt om brottsligheten i Malm\u00f6 och S\u00f6dert\u00e4lje"},"content":{"rendered":"<p><a href=\"http:\/\/www.mariaabrahamsson.nu\/wp-content\/uploads\/2012\/05\/Carin-G\u00f6tblad-avtackas..jpeg\"><img loading=\"lazy\" decoding=\"async\" class=\"alignleft size-medium wp-image-7282\" title=\"Carin G\u00f6tblad avtackas.\" src=\"http:\/\/www.mariaabrahamsson.nu\/wp-content\/uploads\/2012\/05\/Carin-G\u00f6tblad-avtackas.-223x300.jpg\" alt=\"\" width=\"223\" height=\"300\" srcset=\"https:\/\/www.mariaabrahamsson.nu\/wp-content\/uploads\/2012\/05\/Carin-G\u00f6tblad-avtackas.-223x300.jpg 223w, https:\/\/www.mariaabrahamsson.nu\/wp-content\/uploads\/2012\/05\/Carin-G\u00f6tblad-avtackas..jpeg 764w\" sizes=\"auto, (max-width: 223px) 100vw, 223px\" \/><\/a><strong>I eftermiddag avtackas stadens<\/strong> l\u00e4nspolism\u00e4stare Carin G\u00f6tblad. Om det inte vore f\u00f6r en kollision i almanackan hade jag absolut dykt upp p\u00e5 mottagningen och personligen framf\u00f6rt ett tack.<\/p>\n<p>Nej, det ska gudarna veta, \u00a0<a href=\"http:\/\/www.aftonbladet.se\/debatt\/article12087971.ab\">i varje l\u00e4ge<\/a>\u00a0har jag inte appl\u00e5derat \u00a0Stockholmspolisen under G\u00f6tblads ledning. Men under hennes tid har nya friska grepp tagits. T\u00e4nker s\u00e4rskilt p\u00e5 l\u00e4nspolism\u00e4starens anstr\u00e4ngningar att <a href=\"http:\/\/www.temalikabehandling.se\/nyhet\/polisen-prisas-for-mangfaldsarbete\/\">bredda m\u00e5ngfalden<\/a> inom polismyndigheten. Satsningen p\u00e5 b\u00e4ttre kontakt mellan <a href=\"http:\/\/www.svenskpolis.se\/Artikelarkiv\/Artiklar-20061\/april20063\/fororter\/\">polis och ungdomar <\/a>i f\u00f6rorterna vet jag inte riktig utfallet av, men det var ett nytt s\u00e4tt att angripa ungdomsbrottsligheten.<\/p>\n<p><strong>Sj\u00e4lv har jag flera<\/strong> g\u00e5nger st\u00f6tt p\u00e5 Carin G\u00f6tblad i samband med Stockholm\u00a0<a href=\"http:\/\/www.polisen.se\/Stockholms_lan\/sv\/Om-polisen\/lan\/St\/op\/Polisen-i-Stockholms-lan\/Verksamheten\/Brottsutredning\/Test-Polisarbete-med-HBT-och-hatbrott\/Polisen-pa-Stockholm-Pride\/\">Pride<\/a>. Fr\u00e5n att ha varit kritisk mot att uniformerad polis gick med i demonstrationst\u00e5get \u00e4r jag sedan flera \u00e5r \u00f6vertygad om att svensk polis har en viktig opinionsbildande roll n\u00e4r det g\u00e4ller att p\u00e5verka homofoba attityder och motverka hatbrott mot HBT-personer. Den \u00f6gon\u00f6ppnaren har jag inte minst G\u00f6tblad att tack f\u00f6r!<\/p>\n<p>Listan kan g\u00f6ras l\u00e4ngre\u00a0p\u00e5 bra saker som stadens h\u00f6gsta polischef har gjort. Men jag stannar h\u00e4r och \u00f6nskar G\u00f6tblad lycka till i hennes <a href=\"http:\/\/sverigesradio.se\/sida\/artikel.aspx?programid=83&amp;artikel=5080544\">nya uppdrag <\/a>som nationell samordnare mot v\u00e5ld i n\u00e4ra relationer. F\u00f6r att ro det uppdraget i hamn l\u00e4r beh\u00f6vas &#8211; f\u00f6rutom socialt patos &#8211; h\u00e5rda nypor.<\/p>\n<p><strong>F\u00f6r mig \u00e4r det dags<\/strong> att bege mig till <a href=\"http:\/\/www.elite.se\/sv\/hotell\/stockholm\/marinatower\">Elite Marina Tower Hotel<\/a>. P\u00e5 inbjudan av Stockholmspolisen ska bl a riksdagskollegan <a href=\"http:\/\/www.mp.se\/templates\/Mct_177.aspx?number=178415\">Mehmet Kaplan<\/a>, <a href=\"http:\/\/www.polisen.se\/Stockholms_lan\/sv\/Aktuellt\/Nyheter\/Gemensam\/jul-sep\/Polisen-satsar-mot-mangd--och-seriebrott\/\">Rikskriminalpolisens chef<\/a> Klas Friberg och jag delta i en paneldebatt om den organiserade brottsligheten och dess eventuella hot mot demokratin. Utg\u00e5ngspunkten \u00e4r den grova kriminaliteten <a href=\"http:\/\/www.newsmill.se\/amne\/kriminaliteten-i-malm\">i Malm\u00f6<\/a> och\u00a0<a href=\"http:\/\/www.expressen.se\/nyheter\/massivt-sakerhetspadrag-pa-sodertaljerattegangen\/\">S\u00f6dert\u00e4lje<\/a>.<\/p>\n<p>Lovar som alltid att g\u00f6ra mitt b\u00e4sta f\u00f6r att det ska bli en lyssnansv\u00e4rd debatt i ett mycket angel\u00e4get \u00e4mne. Det f\u00e5r bli mitt tack till Carin G\u00f6tblad!<\/p>\n","protected":false},"excerpt":{"rendered":"<p>I eftermiddag avtackas stadens l\u00e4nspolism\u00e4stare Carin G\u00f6tblad. Om det inte vore f\u00f6r en kollision i almanackan hade jag absolut dykt upp p\u00e5 mottagningen och personligen framf\u00f6rt ett tack. Nej, det ska gudarna veta, \u00a0i varje l\u00e4ge\u00a0har jag inte appl\u00e5derat \u00a0Stockholmspolisen under G\u00f6tblads ledning. Men under hennes tid har nya friska grepp tagits. T\u00e4nker s\u00e4rskilt p\u00e5&hellip;<\/p>\n<p class=\"more-link-p\"><a class=\"more-link\" href=\"https:\/\/www.mariaabrahamsson.nu\/index.php\/2012\/05\/04\/avtackar-carin-gotblad-med-debatt-om-malmo-och-sodertalje\/\">Read more &rarr;<\/a><\/p>\n","protected":false},"author":2,"featured_media":0,"comment_status":"open","ping_status":"open","sticky":false,"template":"","format":"standard","meta":{"footnotes":""},"categories":[1],"tags":[],"class_list":["post-7281","post","type-post","status-publish","format-standard","hentry","category-uncategorized"],"_links":{"self":[{"href":"https:\/\/www.mariaabrahamsson.nu\/index.php\/wp-json\/wp\/v2\/posts\/7281","targetHints":{"allow":["GET"]}}],"collection":[{"href":"https:\/\/www.mariaabrahamsson.nu\/index.php\/wp-json\/wp\/v2\/posts"}],"about":[{"href":"https:\/\/www.mariaabrahamsson.nu\/index.php\/wp-json\/wp\/v2\/types\/post"}],"author":[{"embeddable":true,"href":"https:\/\/www.mariaabrahamsson.nu\/index.php\/wp-json\/wp\/v2\/users\/2"}],"replies":[{"embeddable":true,"href":"https:\/\/www.mariaabrahamsson.nu\/index.php\/wp-json\/wp\/v2\/comments?post=7281"}],"version-history":[{"count":0,"href":"https:\/\/www.mariaabrahamsson.nu\/index.php\/wp-json\/wp\/v2\/posts\/7281\/revisions"}],"wp:attachment":[{"href":"https:\/\/www.mariaabrahamsson.nu\/index.php\/wp-json\/wp\/v2\/media?parent=7281"}],"wp:term":[{"taxonomy":"category","embeddable":true,"href":"https:\/\/www.mariaabrahamsson.nu\/index.php\/wp-json\/wp\/v2\/categories?post=7281"},{"taxonomy":"post_tag","embeddable":true,"href":"https:\/\/www.mariaabrahamsson.nu\/index.php\/wp-json\/wp\/v2\/tags?post=7281"}],"curies":[{"name":"wp","href":"https:\/\/api.w.org\/{rel}","templated":true}]}}