{"id":7098,"date":"2012-04-10T23:19:22","date_gmt":"2012-04-10T21:19:22","guid":{"rendered":"http:\/\/www.mariaabrahamsson.nu\/?p=7098"},"modified":"2012-04-10T23:27:27","modified_gmt":"2012-04-10T21:27:27","slug":"skont-med-pask-men-riksdagslivet-har-redan-tagit-vid","status":"publish","type":"post","link":"https:\/\/www.mariaabrahamsson.nu\/index.php\/2012\/04\/10\/skont-med-pask-men-riksdagslivet-har-redan-tagit-vid\/","title":{"rendered":"Sk\u00f6n p\u00e5sk men riksdagslivet har redan tagit vid"},"content":{"rendered":"<p><a href=\"http:\/\/www.mariaabrahamsson.nu\/wp-content\/uploads\/2012\/04\/S\u00e5-var-\u00e5rets-p\u00e5skfirande-slut.2.jpeg\"><img loading=\"lazy\" decoding=\"async\" class=\"alignleft size-medium wp-image-7101\" title=\"S\u00e5 var \u00e5rets p\u00e5skfirande slut.\" src=\"http:\/\/www.mariaabrahamsson.nu\/wp-content\/uploads\/2012\/04\/S\u00e5-var-\u00e5rets-p\u00e5skfirande-slut.2-300x223.jpg\" alt=\"\" width=\"300\" height=\"223\" srcset=\"https:\/\/www.mariaabrahamsson.nu\/wp-content\/uploads\/2012\/04\/S\u00e5-var-\u00e5rets-p\u00e5skfirande-slut.2-300x223.jpg 300w, https:\/\/www.mariaabrahamsson.nu\/wp-content\/uploads\/2012\/04\/S\u00e5-var-\u00e5rets-p\u00e5skfirande-slut.2.jpeg 828w\" sizes=\"auto, (max-width: 300px) 100vw, 300px\" \/><\/a><strong>P\u00e5skfirandet \u00e4r \u00f6ver och<\/strong> liljorna som har prytt stugan i helgen \u00e4r ordentligt nedgr\u00e4vda bredvid tomtens park av fr\u00f6automater. F\u00f6rutom domherren, bl\u00e5mesen och talltitan har jag nu ocks\u00e5 j\u00e4rnkoll p\u00e5 bofinken.<\/p>\n<p>Men det var i g\u00e5r. \u00c5terb\u00f6rdad till civilisationen har jag spr\u00e4ttat post, sorterat gamla kom-i-h\u00e5g-lappar, betat av obesvarade mejl, avb\u00f6jt att medverka i torsdagens SVT Debatt och pratat i telefon s\u00e5 att \u00f6ronen har f\u00e5tt r\u00f6dbetans f\u00e4rg.<\/p>\n<p><strong>Tisdag betyder m\u00f6te<\/strong> med den moderata riksdagsgruppen, s\u00e5 ocks\u00e5 i dag. Till sist pinnande jag \u00f6ver till Riddarholmen och Svea hovr\u00e4tt d\u00e4r F\u00f6reningen f\u00f6r utgivande av <a href=\"http:\/\/www.svjt.org\/\">Svensk Juristtidning<\/a>\u00a0h\u00f6ll v\u00e5rsammantr\u00e4de. (Till er som klickade p\u00e5 l\u00e4nken &#8211; en upphottad variant av hemsidan f\u00f6r Sveriges f\u00f6rn\u00e4msta juridiska tidskrift utlovades i afton till n\u00e4sta \u00e5r. H\u00e5ll ut!)<\/p>\n<p>Kv\u00e4llens talare var ingen mindre \u00e4n f\u00f6rre chefs-JO Mats Melin, ordf\u00f6rande i H\u00f6gsta F\u00f6rvaltningsdomstolen. Han avsl\u00f6jade inte smack om vad han nuf\u00f6rtiden tycker om JO:s tillsyn \u00f6ver domarna trots att det var kv\u00e4llens \u00e4mne, men menade att riksdagen b\u00e4ttre borde ta tillvara p\u00e5 JO:s kompetens. Och d\u00e5 inte bara i form av granskning av den \u00e5rliga\u00a0<a href=\"http:\/\/www.jo.se\/Page.aspx?MenuId=17&amp;ObjectClass=DynamX_Links&amp;Language=sv\">\u00e4mbetsber\u00e4ttelsen<\/a>\u00a0utan ocks\u00e5 genom att utskotten &#8211; vi ledam\u00f6ter &#8211; oftare borde konsultera JO om l\u00e4get i Myndighetssverige. Det h\u00e5ller jag g\u00e4rna med om, s\u00e4rskilt som JO \u00e4r just riksdagens och inte regeringens myndighet.<\/p>\n<p><strong>Under kv\u00e4llen\u00a0<\/strong>bytte jag ocks\u00e5 n\u00e5gra ord med en av riksrevisorerna, som\u00a0uttryckte uppriktig f\u00f6rv\u00e5ning \u00f6ver riksdagens ointresse f\u00f6r myndighetens verksamhet. Enligt vederb\u00f6randes uppfattning struntar riksdagen i stort sett i hur revisorerna f\u00f6rvaltar sitt \u00e5rliga anslag p\u00e5 cirka 300 miljoner.<\/p>\n<p>Hm. Det finns nog anledning att \u00e5terkomma till den fr\u00e5gan.<\/p>\n","protected":false},"excerpt":{"rendered":"<p>P\u00e5skfirandet \u00e4r \u00f6ver och liljorna som har prytt stugan i helgen \u00e4r ordentligt nedgr\u00e4vda bredvid tomtens park av fr\u00f6automater. F\u00f6rutom domherren, bl\u00e5mesen och talltitan har jag nu ocks\u00e5 j\u00e4rnkoll p\u00e5 bofinken. Men det var i g\u00e5r. \u00c5terb\u00f6rdad till civilisationen har jag spr\u00e4ttat post, sorterat gamla kom-i-h\u00e5g-lappar, betat av obesvarade mejl, avb\u00f6jt att medverka i torsdagens&hellip;<\/p>\n<p class=\"more-link-p\"><a class=\"more-link\" href=\"https:\/\/www.mariaabrahamsson.nu\/index.php\/2012\/04\/10\/skont-med-pask-men-riksdagslivet-har-redan-tagit-vid\/\">Read more &rarr;<\/a><\/p>\n","protected":false},"author":2,"featured_media":0,"comment_status":"open","ping_status":"open","sticky":false,"template":"","format":"standard","meta":{"footnotes":""},"categories":[1],"tags":[],"class_list":["post-7098","post","type-post","status-publish","format-standard","hentry","category-uncategorized"],"_links":{"self":[{"href":"https:\/\/www.mariaabrahamsson.nu\/index.php\/wp-json\/wp\/v2\/posts\/7098","targetHints":{"allow":["GET"]}}],"collection":[{"href":"https:\/\/www.mariaabrahamsson.nu\/index.php\/wp-json\/wp\/v2\/posts"}],"about":[{"href":"https:\/\/www.mariaabrahamsson.nu\/index.php\/wp-json\/wp\/v2\/types\/post"}],"author":[{"embeddable":true,"href":"https:\/\/www.mariaabrahamsson.nu\/index.php\/wp-json\/wp\/v2\/users\/2"}],"replies":[{"embeddable":true,"href":"https:\/\/www.mariaabrahamsson.nu\/index.php\/wp-json\/wp\/v2\/comments?post=7098"}],"version-history":[{"count":0,"href":"https:\/\/www.mariaabrahamsson.nu\/index.php\/wp-json\/wp\/v2\/posts\/7098\/revisions"}],"wp:attachment":[{"href":"https:\/\/www.mariaabrahamsson.nu\/index.php\/wp-json\/wp\/v2\/media?parent=7098"}],"wp:term":[{"taxonomy":"category","embeddable":true,"href":"https:\/\/www.mariaabrahamsson.nu\/index.php\/wp-json\/wp\/v2\/categories?post=7098"},{"taxonomy":"post_tag","embeddable":true,"href":"https:\/\/www.mariaabrahamsson.nu\/index.php\/wp-json\/wp\/v2\/tags?post=7098"}],"curies":[{"name":"wp","href":"https:\/\/api.w.org\/{rel}","templated":true}]}}