{"id":7015,"date":"2012-03-30T00:13:08","date_gmt":"2012-03-29T22:13:08","guid":{"rendered":"http:\/\/www.mariaabrahamsson.nu\/?p=7015"},"modified":"2012-04-01T20:24:12","modified_gmt":"2012-04-01T18:24:12","slug":"varken-ulf-eller-jag-har-blivit-uppringda-av-statsministern","status":"publish","type":"post","link":"https:\/\/www.mariaabrahamsson.nu\/index.php\/2012\/03\/30\/varken-ulf-eller-jag-har-blivit-uppringda-av-statsministern\/","title":{"rendered":"Varken Ulf eller jag har blivit uppringda av statsministern &#8230;"},"content":{"rendered":"<p><strong>Hallihall\u00e5, har jag n\u00e5gra<\/strong> l\u00e4sare kvar? Fr\u00e5gan \u00e4r ber\u00e4ttigad med tanke p\u00e5 min fr\u00e5nvaro i bloggosf\u00e4ren denna vecka. Men tiden har inte funnits s\u00e5 h\u00e4ng med nu!<\/p>\n<p>Finansministerns statssekreterare hade just b\u00f6rjat mala (f\u00f6rl\u00e5t) \u00f6verl\u00e4gga med <a href=\"http:\/\/www.riksdagen.se\/sv\/Utskott-EU-namnd\/Skatteutskottet\/Ledamoter\/\">mitt utskott <\/a>enligt 10 kap 4 \u00a7 riksdagsordningen med anledning av den svenska st\u00e5ndpunkten r\u00f6rande ett par EU-direktivf\u00f6rslag om skatter p\u00e5 finansiella transaktioner och &#8211; om jag minns r\u00e4tt &#8211; samarbete om punktskatter. Tolv minuter in p\u00e5 Skatteutskottets sammantr\u00e4de kom TT-flashen: Sten Tolgfors avg\u00e5r.<\/p>\n<p><strong>Nej, personligen blev jag inte j\u00e4ttef\u00f6rv\u00e5nad<\/strong>. Tolgfors har s\u00e4kert goda sk\u00e4l f\u00f6r sitt beslut, det utg\u00e5r jag fr\u00e5n \u00e4ven om jag inte \u00e4r mer insatt i Saudi-turerna \u00e4n andra. Men det var en intressant upplevelse att p\u00e5 plats i den inrikespolitiska hetluften iaktta den b\u00f6ljande v\u00e5gr\u00f6relsen runt utskottets sammantr\u00e4desbord n\u00e4r riksdagsledam\u00f6terna en efter en s\u00e4nkte axlarna och sj\u00f6nk in i sina smarta mobiltelefoner.<\/p>\n<p>Jag tycker att Tolgfors gjorde ett samlat och sympatisk intryck vid\u00a0<a href=\"http:\/\/www.regeringen.se\/sb\/d\/15995\/a\/189696\">f\u00f6rmiddagens presskonferens <\/a>\u00e4ven om han h\u00e5rt spelade ut familjen-har-lidit-nog-kortet.\u00a0Jag hoppas verkligen att han vid det h\u00e4r laget har f\u00e5tt \u00e5tminstone en gnutta ro.<\/p>\n<p><strong>Vad jag gjorde sen d\u00e5?<\/strong> Nej, jag sl\u00f6t inte upp till riksdagens <a href=\"http:\/\/www.riksdagen.se\/sv\/Start\/Kalendern\/?icalid=62279#62279\">fr\u00e5gestund <\/a>kl 14.00\u00a0med statsministern. Det borde jag kanske ha gjort, men i st\u00e4llet filade jag p\u00e5 en lysande text om riksdagens beslut nyligen om datalagringen. Sedan en tid \u00e4r jag kr\u00f6nik\u00f6r p\u00e5 Barometerns <a href=\"http:\/\/www.barometern.se\/ledare\/\">ledarsida<\/a>.<\/p>\n<p>Resten av dagen har jag haft fullt upp med att f\u00f6rbereda mitt framtr\u00e4dande hos M-kvinnorna i Kalmar, som har bjudit in mig till\u00a0<a href=\"http:\/\/mqkalmarlan.files.wordpress.com\/2012\/02\/annons-mq.jpg\">inspirationsdag<\/a>. Den vill man ju inte missa, s\u00e5 i morgon efter lunch s\u00e4tter jag mig p\u00e5 t\u00e5get mot barndomsstaden f\u00f6r att efter fredagsmys och \u00f6vernattning hos morbror Stefan prata om den allt popul\u00e4rare <a href=\"http:\/\/www.skatteverket.se\/omskatteverket\/press\/pressmeddelanden\/riks\/2011\/2011\/rotochrutavdragetharskapatvitajobb.5.5fc8c94513259a4ba1d8000154.html\">Rutreformen<\/a>\u00a0p\u00e5 l\u00f6rdag. Jo, det blir nog en del prat om Ruts broder Rot ocks\u00e5.<\/p>\n<p><a href=\"http:\/\/www.mariaabrahamsson.nu\/wp-content\/uploads\/2012\/03\/Partibroder-Munkhammar-in-aktion..jpeg\"><img loading=\"lazy\" decoding=\"async\" class=\"alignright size-medium wp-image-7016\" title=\"Partibroder Munkhammar in aktion.\" src=\"http:\/\/www.mariaabrahamsson.nu\/wp-content\/uploads\/2012\/03\/Partibroder-Munkhammar-in-aktion.-300x223.jpg\" alt=\"\" width=\"300\" height=\"223\" srcset=\"https:\/\/www.mariaabrahamsson.nu\/wp-content\/uploads\/2012\/03\/Partibroder-Munkhammar-in-aktion.-300x223.jpg 300w, https:\/\/www.mariaabrahamsson.nu\/wp-content\/uploads\/2012\/03\/Partibroder-Munkhammar-in-aktion..jpeg 1024w\" sizes=\"auto, (max-width: 300px) 100vw, 300px\" \/><\/a><strong>\u00c4mnet \u00e4r i h\u00f6gsta grad<\/strong> aktuellt. I onsdags debatterade Skatteutskottet om svenska medborgare ska kunna k\u00f6pa Rot och Rut-tj\u00e4nster ocks\u00e5 i EU. Jo, den fria r\u00f6rligheten i EU av varor, tj\u00e4nster, kapital och m\u00e4nniskor inkluderar \u00e4ven Rot- och Rut-tj\u00e4nster. Det har jag utvecklat <a href=\"http:\/\/www.svd.se\/opinion\/brannpunkt\/regeringen-tvingas-bryta-mot-eu-ratten_6926871.svd\">h\u00e4r<\/a>\u00a0men oj vad S, V, MP och SD m\u00e5r illa av att h\u00f6ra den sanningen.<\/p>\n<p>Kanske inspirerade det min partibroder Johnny Munkhammar (ryggen till v\u00e4nster i bilden) att i onsdagens kammardebatt f\u00e4kta med ideologiskt blanka vapen mot en alltmer r\u00f6dbrusig Peter Persson (S). Vem som vann?\u00a0<a href=\"http:\/\/www.munkhammar.org\/blog\/index.aspx?page=display_entry&amp;ID=3416\">Gissa<\/a>.<\/p>\n<p>&nbsp;<\/p>\n<p><a href=\"http:\/\/www.mariaabrahamsson.nu\/wp-content\/uploads\/2012\/03\/Ulg-Berg-och-jag-i-kammarfoajen-i-v\u00e4ntan-p\u00e5-dagens-votering.-.jpeg\"><img loading=\"lazy\" decoding=\"async\" class=\"alignleft size-medium wp-image-7017\" title=\"Ulg Berg och jag i kammarfoajen i v\u00e4ntan p\u00e5 dagens votering.\" src=\"http:\/\/www.mariaabrahamsson.nu\/wp-content\/uploads\/2012\/03\/Ulg-Berg-och-jag-i-kammarfoajen-i-v\u00e4ntan-p\u00e5-dagens-votering.--223x300.jpg\" alt=\"\" width=\"223\" height=\"300\" srcset=\"https:\/\/www.mariaabrahamsson.nu\/wp-content\/uploads\/2012\/03\/Ulg-Berg-och-jag-i-kammarfoajen-i-v\u00e4ntan-p\u00e5-dagens-votering.--223x300.jpg 223w, https:\/\/www.mariaabrahamsson.nu\/wp-content\/uploads\/2012\/03\/Ulg-Berg-och-jag-i-kammarfoajen-i-v\u00e4ntan-p\u00e5-dagens-votering.-.jpeg 764w\" sizes=\"auto, (max-width: 223px) 100vw, 223px\" \/><\/a><\/p>\n<p><strong>En n\u00e4rmast historisk<\/strong> riksdagsdebatt och dito riksdagsbeslut \u00e4gde rum i eftermiddags. I racerfart &#8211; n\u00e5ja, i alla fall snabbt &#8211; ska regeringen \u00e5terkomma med lagstiftning som ger barnl\u00f6sa ensamst\u00e5ende kvinnor r\u00e4tt till assisterad befruktning. Men inte bara det.<\/p>\n<p>Socialutskottet har enats om att regeringen ska tills\u00e4tta en f\u00f6ruts\u00e4ttningsl\u00f6s utredning om regleringen av surrogatmoderskap.\u00a0<a href=\"http:\/\/lavesson.blogspot.se\/\">Olof Lavesson<\/a>\u00a0och jag \u00e4r sv\u00e5rt insyltade genom\u00a0<a href=\"http:\/\/www.riksdagen.se\/sv\/Dokument-Lagar\/Forslag\/Motioner\/Underlattande-for-barnlosa-att_GZ02So667\/?text=true\">v\u00e5r motion<\/a>,\u00a0och det \u00e4r vi s\u00e5 g\u00e4rna! Missade ni f\u00f6rresten Lavessons anf\u00f6rande i talarstolen? Debatten g\u00e5r i repris\u00a0<a href=\"http:\/\/www.riksdagen.se\/sv\/Debatter--beslut\/Debatter-och-beslut-om-forslag\/Arendedebatter\/?did=GZ01SoU26&amp;doctype=bet\">h\u00e4r<\/a>!<\/p>\n<p><strong>Det n\u00f6dv\u00e4ndiga tragglandet<\/strong> i utskott och partigruppen har i alla fall gett mig nya v\u00e4nner, en av den \u00e4r snuten (f\u00f6rl\u00e5t, polisen) till v\u00e4nster, Ulf Berg fr\u00e5n Dalarna, tillika partikollega i Skatteutskottet.\u00a0Sj\u00e4lv ser jag ut som om jag har missat duschen efter <a href=\"http:\/\/www.youtube.com\/watch?v=WIs_kveMLHE&amp;feature=autoplay&amp;list=PLB08F87372E5F14CE&amp;lf=plpp_play_all&amp;playnext=1\">s\u00f6ndagens Premi\u00e4rmilslopp<\/a>,\u00a0men observera det vackra p\u00e5skblomsterarrangemanget i bakgrunden!<\/p>\n<p>Vad Ulf och jag pratade om? Tja, vi gratulerade varandra till att ingen av oss under dagen hade blivit uppringd av statsministern &#8230;<\/p>\n","protected":false},"excerpt":{"rendered":"<p>Hallihall\u00e5, har jag n\u00e5gra l\u00e4sare kvar? Fr\u00e5gan \u00e4r ber\u00e4ttigad med tanke p\u00e5 min fr\u00e5nvaro i bloggosf\u00e4ren denna vecka. Men tiden har inte funnits s\u00e5 h\u00e4ng med nu! Finansministerns statssekreterare hade just b\u00f6rjat mala (f\u00f6rl\u00e5t) \u00f6verl\u00e4gga med mitt utskott enligt 10 kap 4 \u00a7 riksdagsordningen med anledning av den svenska st\u00e5ndpunkten r\u00f6rande ett par EU-direktivf\u00f6rslag om&hellip;<\/p>\n<p class=\"more-link-p\"><a class=\"more-link\" href=\"https:\/\/www.mariaabrahamsson.nu\/index.php\/2012\/03\/30\/varken-ulf-eller-jag-har-blivit-uppringda-av-statsministern\/\">Read more &rarr;<\/a><\/p>\n","protected":false},"author":2,"featured_media":0,"comment_status":"open","ping_status":"open","sticky":false,"template":"","format":"standard","meta":{"footnotes":""},"categories":[1],"tags":[],"class_list":["post-7015","post","type-post","status-publish","format-standard","hentry","category-uncategorized"],"_links":{"self":[{"href":"https:\/\/www.mariaabrahamsson.nu\/index.php\/wp-json\/wp\/v2\/posts\/7015","targetHints":{"allow":["GET"]}}],"collection":[{"href":"https:\/\/www.mariaabrahamsson.nu\/index.php\/wp-json\/wp\/v2\/posts"}],"about":[{"href":"https:\/\/www.mariaabrahamsson.nu\/index.php\/wp-json\/wp\/v2\/types\/post"}],"author":[{"embeddable":true,"href":"https:\/\/www.mariaabrahamsson.nu\/index.php\/wp-json\/wp\/v2\/users\/2"}],"replies":[{"embeddable":true,"href":"https:\/\/www.mariaabrahamsson.nu\/index.php\/wp-json\/wp\/v2\/comments?post=7015"}],"version-history":[{"count":0,"href":"https:\/\/www.mariaabrahamsson.nu\/index.php\/wp-json\/wp\/v2\/posts\/7015\/revisions"}],"wp:attachment":[{"href":"https:\/\/www.mariaabrahamsson.nu\/index.php\/wp-json\/wp\/v2\/media?parent=7015"}],"wp:term":[{"taxonomy":"category","embeddable":true,"href":"https:\/\/www.mariaabrahamsson.nu\/index.php\/wp-json\/wp\/v2\/categories?post=7015"},{"taxonomy":"post_tag","embeddable":true,"href":"https:\/\/www.mariaabrahamsson.nu\/index.php\/wp-json\/wp\/v2\/tags?post=7015"}],"curies":[{"name":"wp","href":"https:\/\/api.w.org\/{rel}","templated":true}]}}