{"id":6990,"date":"2012-03-21T21:08:49","date_gmt":"2012-03-21T20:08:49","guid":{"rendered":"http:\/\/www.mariaabrahamsson.nu\/?p=6990"},"modified":"2012-03-21T21:17:09","modified_gmt":"2012-03-21T20:17:09","slug":"en-hard-dag-spetsad-med-eus-datalagringsdirektiv","status":"publish","type":"post","link":"https:\/\/www.mariaabrahamsson.nu\/index.php\/2012\/03\/21\/en-hard-dag-spetsad-med-eus-datalagringsdirektiv\/","title":{"rendered":"En h\u00e5rd dag, spetsad med EU:s datalagringsdirektiv"},"content":{"rendered":"<p><strong>Efter 7 sorger<\/strong>\u00a0och 8 bedr\u00f6velser gav riksdagen i eftermiddags klartecken till den svenska implementeringen av EU-direktivet om <a href=\"http:\/\/www.riksdagen.se\/sv\/Debatter--beslut\/Ovriga-debatter\/Ovrig-debatt\/?did=GZC320120321JuU28&amp;doctype=kammakt\">datalagring av trafikuppgifter<\/a>. Med bred majoritet &#8211;\u00a0233 jar\u00f6ster, d\u00e4ribland min, mot 41 nej &#8211; blir d\u00e4rmed svenska teleoperat\u00f6rer tvungna att lagra medborgarnas teledatatrafikuppgifter i sex m\u00e5nader, f\u00f6r n\u00e5got s\u00e5 diffust som &#8221;brottsbek\u00e4mpande \u00e4ndam\u00e5l&#8221;.<\/p>\n<p><a href=\"http:\/\/www.mariaabrahamsson.nu\/wp-content\/uploads\/2012\/03\/Maria-A-31.jpg\"><img loading=\"lazy\" decoding=\"async\" class=\"alignleft size-medium wp-image-6992\" title=\"Maria A 3\" src=\"http:\/\/www.mariaabrahamsson.nu\/wp-content\/uploads\/2012\/03\/Maria-A-31-300x224.jpg\" alt=\"\" width=\"300\" height=\"224\" srcset=\"https:\/\/www.mariaabrahamsson.nu\/wp-content\/uploads\/2012\/03\/Maria-A-31-300x224.jpg 300w, https:\/\/www.mariaabrahamsson.nu\/wp-content\/uploads\/2012\/03\/Maria-A-31.jpg 640w\" sizes=\"auto, (max-width: 300px) 100vw, 300px\" \/><\/a>Hur kunde jag trycka p\u00e5 den gr\u00f6na knappen?<\/p>\n<p><strong>Var jag slutk\u00f6rd i skallen<\/strong>\u00a0efter seminariet i <a href=\"http:\/\/www.almega.se\/arbetsgivarguiden\/kurser\/en-skattereform-for-tjanstesamhallet_1\">arla morgonstund<\/a>\u00a0(bilden) om hur vi tar vara p\u00e5 Sveriges nya &#8221;naturtillg\u00e5ng&#8221; kunskap? (En &#8221;naturtillg\u00e5ng&#8221; som jag skarpt tvivlar p\u00e5 att vi \u00f6ver huvud taget besitter d\u00e5 var tredje gymnasist l\u00e4mnar \u00e5k 3 utan slutbetyg).<\/p>\n<p>Eller var jag\u00a0fullst\u00e4ndigt utmattad efter\u00a0<a href=\"http:\/\/www.rj.se\/svenska\/130\/var\/newsID\/514\">heldagsseminarie<\/a>t\u00a0i F\u00f6rstakammarsalen d\u00e4r Skatteutskottet tillsammans med ledande skatteexpertis dagen l\u00e5ng har f\u00f6rdjupat sig i S<em>katteforskning, skattepolitik och syssels\u00e4ttning?<\/em><\/p>\n<p><strong>Nog f\u00f6r att jag fortfarande<\/strong> k\u00e4nner mig sliten efter Skatteutskottets Kanadaresa med efterf\u00f6ljande jobbvecka som f\u00f6r min del avrundades i helgen med partiets storm\u00f6te i \u00d6rebro, f\u00f6ljt av m\u00e5ndagskv\u00e4llens nedslag i verkligheten hos juristf\u00f6reningen i Kalmar, plus dagens frukostseminarium &#8230; ja, resten vet ni.<\/p>\n<p>Men tr\u00f6ttheten spelar ingen roll. Ocks\u00e5 i eftermiddags r\u00f6stade jag &#8211; helt klar i skallen &#8211; ja till EU-direktivet. Varf\u00f6r har jag utvecklat <a href=\"http:\/\/www.mariaabrahamsson.nu\/index.php\/2011\/03\/15\/nu-ar-man-inte-poppis\/\">h\u00e4r<\/a>, och \u00e4nnu b\u00e4ttre\u00a0<a href=\"http:\/\/www.mariaabrahamsson.nu\/index.php\/2011\/03\/18\/sorry-men-jag-vagrar-lagga-fornuftet-pa-hyllan\/\">h\u00e4r<\/a>. F\u00f6rklaringarna t\u00e5l att g\u00e5 i repris.<\/p>\n<p><strong>Bara en reflektion till, nu<\/strong> n\u00e4r alla kort slutligt lagts p\u00e5 bordet: Efter uppb\u00e5dande av diverse br\u00f6sttoner r\u00f6stade Milj\u00f6partiet nej. Det var inte fr\u00e5ga om enskilda ledam\u00f6ter som fronderade av ren samvetsn\u00f6d (som i Centerpartiet) utan MP:s partilinje var att Sverige ska v\u00e4gra att r\u00e4tta sig efter EU:s lagstiftning. Detta kallar jag &#8211; inte n\u00f6dv\u00e4ndigtvis populism &#8211; men v\u00e4l f\u00f6rakt f\u00f6r folkviljan och demokratins spelregler. Svenska folket har r\u00f6stat in Sverige i EU med allt vad det inneb\u00e4r av ansvarstagande f\u00f6r gemensamt beslutade regler.<\/p>\n<p>Hur en borgerlig alliansregering alls kan fundera p\u00e5 att samarbeta med ett s\u00e5dant parti ter sig alltmer g\u00e5tfullt.<\/p>\n","protected":false},"excerpt":{"rendered":"<p>Efter 7 sorger\u00a0och 8 bedr\u00f6velser gav riksdagen i eftermiddags klartecken till den svenska implementeringen av EU-direktivet om datalagring av trafikuppgifter. Med bred majoritet &#8211;\u00a0233 jar\u00f6ster, d\u00e4ribland min, mot 41 nej &#8211; blir d\u00e4rmed svenska teleoperat\u00f6rer tvungna att lagra medborgarnas teledatatrafikuppgifter i sex m\u00e5nader, f\u00f6r n\u00e5got s\u00e5 diffust som &#8221;brottsbek\u00e4mpande \u00e4ndam\u00e5l&#8221;. Hur kunde jag trycka p\u00e5&hellip;<\/p>\n<p class=\"more-link-p\"><a class=\"more-link\" href=\"https:\/\/www.mariaabrahamsson.nu\/index.php\/2012\/03\/21\/en-hard-dag-spetsad-med-eus-datalagringsdirektiv\/\">Read more &rarr;<\/a><\/p>\n","protected":false},"author":2,"featured_media":0,"comment_status":"open","ping_status":"open","sticky":false,"template":"","format":"standard","meta":{"footnotes":""},"categories":[1],"tags":[],"class_list":["post-6990","post","type-post","status-publish","format-standard","hentry","category-uncategorized"],"_links":{"self":[{"href":"https:\/\/www.mariaabrahamsson.nu\/index.php\/wp-json\/wp\/v2\/posts\/6990","targetHints":{"allow":["GET"]}}],"collection":[{"href":"https:\/\/www.mariaabrahamsson.nu\/index.php\/wp-json\/wp\/v2\/posts"}],"about":[{"href":"https:\/\/www.mariaabrahamsson.nu\/index.php\/wp-json\/wp\/v2\/types\/post"}],"author":[{"embeddable":true,"href":"https:\/\/www.mariaabrahamsson.nu\/index.php\/wp-json\/wp\/v2\/users\/2"}],"replies":[{"embeddable":true,"href":"https:\/\/www.mariaabrahamsson.nu\/index.php\/wp-json\/wp\/v2\/comments?post=6990"}],"version-history":[{"count":0,"href":"https:\/\/www.mariaabrahamsson.nu\/index.php\/wp-json\/wp\/v2\/posts\/6990\/revisions"}],"wp:attachment":[{"href":"https:\/\/www.mariaabrahamsson.nu\/index.php\/wp-json\/wp\/v2\/media?parent=6990"}],"wp:term":[{"taxonomy":"category","embeddable":true,"href":"https:\/\/www.mariaabrahamsson.nu\/index.php\/wp-json\/wp\/v2\/categories?post=6990"},{"taxonomy":"post_tag","embeddable":true,"href":"https:\/\/www.mariaabrahamsson.nu\/index.php\/wp-json\/wp\/v2\/tags?post=6990"}],"curies":[{"name":"wp","href":"https:\/\/api.w.org\/{rel}","templated":true}]}}