{"id":6978,"date":"2012-03-20T22:57:37","date_gmt":"2012-03-20T21:57:37","guid":{"rendered":"http:\/\/www.mariaabrahamsson.nu\/?p=6978"},"modified":"2012-03-20T23:08:02","modified_gmt":"2012-03-20T22:08:02","slug":"far-domus-i-oskarshamn-fortfarande-heta-domus","status":"publish","type":"post","link":"https:\/\/www.mariaabrahamsson.nu\/index.php\/2012\/03\/20\/far-domus-i-oskarshamn-fortfarande-heta-domus\/","title":{"rendered":"F\u00e5r Domus i Oskarshamn fortfarande heta Domus?"},"content":{"rendered":"<p><strong>Borde \u00e4gna \u00e5terstoden<\/strong> av kv\u00e4llen \u00e5t inl\u00e4sning inf\u00f6r seminariet i morgon bitti. Tj\u00e4nstef\u00f6retagarnas branschorgan Almega bjuder in till frukostdebatt klockan 08.00 p\u00e5 temat <a href=\"http:\/\/www.almega.se\/arbetsgivarguiden\/kurser\/en-skattereform-for-tjanstesamhallet_1\">V\u00e5ra svenska naturtillg\u00e5ngar &#8211; skogen, malmen och kunskapen<\/a>.<\/p>\n<p>Jo, skogen och malmen fick \u00e4ven mig att tveka men s\u00e5 ramlade polletten ner, det \u00e4r kunskapen som \u00e4r \u00e4mnet f\u00f6r morgondagen, och hur kan vi stimulera den? Gissar att jag \u00e4r inkallad att agera m\u00e5ltavla f\u00f6r kritiken mot att regeringen inte avskaffar <a href=\"http:\/\/www.almega.se\/politik-och-ekonomi\/debattartiklar\/arbetsgivare-och-fack-ense-\u2013-varnskatten-overflodig\">v\u00e4rnskatten<\/a>, som man gick till val p\u00e5 att g\u00f6ra f\u00f6r att stimulera just kunskapen och b\u00e4ttre kunna ta till vara kompetensen i landet. Och slopandet av v\u00e4rnskatten \u00e4r som bekant inget som finansministern <a href=\"http:\/\/www.svd.se\/nyheter\/inrikes\/finansminister-borg-forsvarar-varnskatten_6572577.svd\">prioriterar<\/a>\u00a0i dag. Om\u00a0jag h\u00e5ller med Anders Borg? Det avsl\u00f6jas i morgon p\u00e5 seminariet, v\u00e4lkomna!<\/p>\n<p><a href=\"http:\/\/www.mariaabrahamsson.nu\/wp-content\/uploads\/2012\/03\/Domush\u00f6rnan.1.jpeg\"><img loading=\"lazy\" decoding=\"async\" class=\"alignright size-medium wp-image-6983\" title=\"Domush\u00f6rnan.\" src=\"http:\/\/www.mariaabrahamsson.nu\/wp-content\/uploads\/2012\/03\/Domush\u00f6rnan.1-223x300.jpg\" alt=\"\" width=\"223\" height=\"300\" srcset=\"https:\/\/www.mariaabrahamsson.nu\/wp-content\/uploads\/2012\/03\/Domush\u00f6rnan.1-223x300.jpg 223w, https:\/\/www.mariaabrahamsson.nu\/wp-content\/uploads\/2012\/03\/Domush\u00f6rnan.1.jpeg 764w\" sizes=\"auto, (max-width: 223px) 100vw, 223px\" \/><\/a><\/p>\n<p><strong>F\u00e5r Domus<\/strong> <a href=\"http:\/\/sverigesradio.se\/sida\/artikel.aspx?programid=1637&amp;artikel=4922265\">i Oskarshamn<\/a>\u00a0fortfarande heta Domus? Den tykna fr\u00e5gan st\u00e4lldes i lokalradio Kalmar P4 samma sekund som\u00a0jag i g\u00e5r eftermiddag slog mig ner i taxin utanf\u00f6r flygplatsen f\u00f6r transport till <a href=\"http:\/\/www.eurobookings.com\/kalmar-hotels-se\/clarion-collection-hotel-packhuset.sv.html?cur=SEK&amp;as=g&amp;aid=2559442209&amp;dsti=233582&amp;dstt=8&amp;label=gg_en_bh_18218-sweden-kalmar-clarion-collection-hotel-packhuset&amp;gclid=CJjezoat9q4CFWRYmAodpX_wyQ&amp;akw=packhuset%20kalmar&amp;asrc=Search\">hotellet<\/a>,\u00a0f\u00f6r att n\u00e5gon timme senare avhandla r\u00e4ttss\u00e4kerhetsfr\u00e5gor (jo, n\u00e4mndemannasystemet &#8221;ber\u00f6rdes&#8221; en timme eller s\u00e5) hos Kalmar l\u00e4ns Juristf\u00f6rening.<\/p>\n<p>Nej, min barndoms\u00a0Domus, i korsningen Kaggensgatan\/Storgatan (platsen ocks\u00e5 kallad &#8221;Domush\u00f6rnan&#8221;) heter inte l\u00e4ngre Domus.\u00a0Men den tidstypiska betongbunkern st\u00e5r kvar som ett monument \u00f6ver en svunnen tid d\u00e5 jag som 14-\u00e5ring drygade ut veckopengen (15 kronor) genom att p\u00e5 helger och skollov ta bussen fr\u00e5n f\u00f6rorten f\u00f6r att plocka brickor p\u00e5 Domusrestaurangen i stan.<\/p>\n<p><strong>P\u00e5\u00a0<\/strong><strong>det slitg\u00f6rat<\/strong> tj\u00e4nade jag hela 17 kronor i timmen. Jag var inte s\u00e5 lite mallig n\u00e4r dagen infann sig och jag hade r\u00e5d att kaxigt s\u00e4ga upp min veckopeng, k\u00f6pa nya vinterst\u00f6vlar och en egen STEREO!<\/p>\n<p>Detta sagt aprop\u00e5 om inget annat s\u00e5 dagens <a href=\"http:\/\/www.riksdagen.se\/sv\/Debatter--beslut\/Interpellationsdebatter1\/Debatt\/?did=GZ10257&amp;doctype=ip\">debatt<\/a>\u00a0i kammaren om unga m\u00e4nniskors h\u00f6gst ber\u00e4ttigade l\u00e4ngtan efter en framtid. Dit h\u00f6r att f\u00e5 tj\u00e4na egen kosing!<\/p>\n<p>&nbsp;<\/p>\n","protected":false},"excerpt":{"rendered":"<p>Borde \u00e4gna \u00e5terstoden av kv\u00e4llen \u00e5t inl\u00e4sning inf\u00f6r seminariet i morgon bitti. Tj\u00e4nstef\u00f6retagarnas branschorgan Almega bjuder in till frukostdebatt klockan 08.00 p\u00e5 temat V\u00e5ra svenska naturtillg\u00e5ngar &#8211; skogen, malmen och kunskapen. Jo, skogen och malmen fick \u00e4ven mig att tveka men s\u00e5 ramlade polletten ner, det \u00e4r kunskapen som \u00e4r \u00e4mnet f\u00f6r morgondagen, och hur&hellip;<\/p>\n<p class=\"more-link-p\"><a class=\"more-link\" href=\"https:\/\/www.mariaabrahamsson.nu\/index.php\/2012\/03\/20\/far-domus-i-oskarshamn-fortfarande-heta-domus\/\">Read more &rarr;<\/a><\/p>\n","protected":false},"author":2,"featured_media":0,"comment_status":"open","ping_status":"open","sticky":false,"template":"","format":"standard","meta":{"footnotes":""},"categories":[1],"tags":[],"class_list":["post-6978","post","type-post","status-publish","format-standard","hentry","category-uncategorized"],"_links":{"self":[{"href":"https:\/\/www.mariaabrahamsson.nu\/index.php\/wp-json\/wp\/v2\/posts\/6978","targetHints":{"allow":["GET"]}}],"collection":[{"href":"https:\/\/www.mariaabrahamsson.nu\/index.php\/wp-json\/wp\/v2\/posts"}],"about":[{"href":"https:\/\/www.mariaabrahamsson.nu\/index.php\/wp-json\/wp\/v2\/types\/post"}],"author":[{"embeddable":true,"href":"https:\/\/www.mariaabrahamsson.nu\/index.php\/wp-json\/wp\/v2\/users\/2"}],"replies":[{"embeddable":true,"href":"https:\/\/www.mariaabrahamsson.nu\/index.php\/wp-json\/wp\/v2\/comments?post=6978"}],"version-history":[{"count":0,"href":"https:\/\/www.mariaabrahamsson.nu\/index.php\/wp-json\/wp\/v2\/posts\/6978\/revisions"}],"wp:attachment":[{"href":"https:\/\/www.mariaabrahamsson.nu\/index.php\/wp-json\/wp\/v2\/media?parent=6978"}],"wp:term":[{"taxonomy":"category","embeddable":true,"href":"https:\/\/www.mariaabrahamsson.nu\/index.php\/wp-json\/wp\/v2\/categories?post=6978"},{"taxonomy":"post_tag","embeddable":true,"href":"https:\/\/www.mariaabrahamsson.nu\/index.php\/wp-json\/wp\/v2\/tags?post=6978"}],"curies":[{"name":"wp","href":"https:\/\/api.w.org\/{rel}","templated":true}]}}