{"id":6946,"date":"2012-03-14T23:51:11","date_gmt":"2012-03-14T22:51:11","guid":{"rendered":"http:\/\/www.mariaabrahamsson.nu\/?p=6946"},"modified":"2012-03-15T08:19:32","modified_gmt":"2012-03-15T07:19:32","slug":"visst-har-lavesson-och-jag-gjort-ett-bra-jobb","status":"publish","type":"post","link":"https:\/\/www.mariaabrahamsson.nu\/index.php\/2012\/03\/14\/visst-har-lavesson-och-jag-gjort-ett-bra-jobb\/","title":{"rendered":"Visst har Lavesson och jag gjort ett bra jobb"},"content":{"rendered":"<p><strong>Vissa dagar \u00e4r b\u00e4ttre <\/strong>\u00e4n andra, denna h\u00f6r definitivt till dom b\u00e4ttre. F\u00f6r dagen b\u00f6rjade med en debattartikel i <a href=\"http:\/\/www.expressen.se\/debatt\/debatt-sta-vid-sitt-ord-ar-akta-moralpolitik\/\">Expressen<\/a>,\u00a0av mig och partibroder <a href=\"http:\/\/lavesson.blogspot.com\/\">Olof Lavesson<\/a>. \u00c4ntligen cashar vi hem vinsterna av idogt opinionsbildande arbete i hbt-fr\u00e5gorna, med mera.<\/p>\n<p>I morgon torsdag, det vill s\u00e4ga ganska snart, \u00e4r det sammantr\u00e4de i Skatteutskottet. G\u00e5r allt som planerat kommer sossarna och v\u00e4nstern, vem vet kanske ocks\u00e5 MP och SD?, att g\u00e5 samman och kr\u00e4va att svenskars k\u00f6p i EU-land av ROT- och RUT- tj\u00e4nster\u00a0ska f\u00f6rbjudas. Nej, det l\u00e5ter inte s\u00e4rskilt EU-anpassat, men s\u00e5dana saker beh\u00f6ver inte oppositionen l\u00e5tsas om. Och det g\u00f6r den inte heller.<\/p>\n<p><strong>I kv\u00e4ll har jag sj\u00e4lv<\/strong> slipat som sjutton p\u00e5 argumenten inf\u00f6r morgondagens debatt om SkU17 som jag deltar i. Ni ska veta att jag har letat som en tok f\u00f6r att hitta en l\u00e4nk till er, men tyv\u00e4rr &#8230; riksdagens\u00a0<a href=\"http:\/\/www.riksdagen.se\/\">nya hemsida<\/a>\u00a0\u00e4r \u00e4n s\u00e5 l\u00e4nge ingen succ\u00e9.<\/p>\n","protected":false},"excerpt":{"rendered":"<p>Vissa dagar \u00e4r b\u00e4ttre \u00e4n andra, denna h\u00f6r definitivt till dom b\u00e4ttre. F\u00f6r dagen b\u00f6rjade med en debattartikel i Expressen,\u00a0av mig och partibroder Olof Lavesson. \u00c4ntligen cashar vi hem vinsterna av idogt opinionsbildande arbete i hbt-fr\u00e5gorna, med mera. I morgon torsdag, det vill s\u00e4ga ganska snart, \u00e4r det sammantr\u00e4de i Skatteutskottet. G\u00e5r allt som planerat&hellip;<\/p>\n<p class=\"more-link-p\"><a class=\"more-link\" href=\"https:\/\/www.mariaabrahamsson.nu\/index.php\/2012\/03\/14\/visst-har-lavesson-och-jag-gjort-ett-bra-jobb\/\">Read more &rarr;<\/a><\/p>\n","protected":false},"author":2,"featured_media":0,"comment_status":"open","ping_status":"open","sticky":false,"template":"","format":"standard","meta":{"footnotes":""},"categories":[1],"tags":[],"class_list":["post-6946","post","type-post","status-publish","format-standard","hentry","category-uncategorized"],"_links":{"self":[{"href":"https:\/\/www.mariaabrahamsson.nu\/index.php\/wp-json\/wp\/v2\/posts\/6946","targetHints":{"allow":["GET"]}}],"collection":[{"href":"https:\/\/www.mariaabrahamsson.nu\/index.php\/wp-json\/wp\/v2\/posts"}],"about":[{"href":"https:\/\/www.mariaabrahamsson.nu\/index.php\/wp-json\/wp\/v2\/types\/post"}],"author":[{"embeddable":true,"href":"https:\/\/www.mariaabrahamsson.nu\/index.php\/wp-json\/wp\/v2\/users\/2"}],"replies":[{"embeddable":true,"href":"https:\/\/www.mariaabrahamsson.nu\/index.php\/wp-json\/wp\/v2\/comments?post=6946"}],"version-history":[{"count":0,"href":"https:\/\/www.mariaabrahamsson.nu\/index.php\/wp-json\/wp\/v2\/posts\/6946\/revisions"}],"wp:attachment":[{"href":"https:\/\/www.mariaabrahamsson.nu\/index.php\/wp-json\/wp\/v2\/media?parent=6946"}],"wp:term":[{"taxonomy":"category","embeddable":true,"href":"https:\/\/www.mariaabrahamsson.nu\/index.php\/wp-json\/wp\/v2\/categories?post=6946"},{"taxonomy":"post_tag","embeddable":true,"href":"https:\/\/www.mariaabrahamsson.nu\/index.php\/wp-json\/wp\/v2\/tags?post=6946"}],"curies":[{"name":"wp","href":"https:\/\/api.w.org\/{rel}","templated":true}]}}