{"id":6935,"date":"2012-03-12T23:34:00","date_gmt":"2012-03-12T22:34:00","guid":{"rendered":"http:\/\/www.mariaabrahamsson.nu\/?p=6935"},"modified":"2012-03-12T23:37:56","modified_gmt":"2012-03-12T22:37:56","slug":"ersattningen-ar-inte-det-viktiga-men-ratt-ska-vara-ratt","status":"publish","type":"post","link":"https:\/\/www.mariaabrahamsson.nu\/index.php\/2012\/03\/12\/ersattningen-ar-inte-det-viktiga-men-ratt-ska-vara-ratt\/","title":{"rendered":"Ers\u00e4ttningen \u00e4r inte det viktiga, men r\u00e4tt ska vara r\u00e4tt"},"content":{"rendered":"<p><strong>Slitet som allm\u00e4nhetens ombud<\/strong> i <a href=\"http:\/\/www.domstol.se\/Om-Sveriges-Domstolar\/Domarnamnden\/\">Domarn\u00e4mnden <\/a>har jag tidigare ber\u00e4ttat om, bland annat <a href=\"hhttp:\/\/www.mariaabrahamsson.nu\/index.php\/2011\/08\/26\/om-nagon-har-missat-att-domarnamnden-invigdes-i-veckan\/\">h\u00e4r<\/a>. Inf\u00f6r varje sammantr\u00e4de v\u00e4ntar instudering av en snudd p\u00e5 halvmetern h\u00f6g lunta av handlingar. I klartext betyder det att vi ledam\u00f6ter infinner oss r\u00f6d\u00f6gda efter en natts genomg\u00e5ng av en n\u00e4stan o\u00f6versk\u00e5dlig m\u00e4ngd ans\u00f6kningar, referenser och sammanst\u00e4llningar. Jo, det b\u00f6rjar g\u00e5 upp \u00e4ven f\u00f6r mig hur l\u00e4ttad man m\u00e5ste vara p\u00e5 justitiedepartementet \u00f6ver nyordningen med att l\u00e5ta Domarn\u00e4mnden \u2013 i st\u00e4llet f\u00f6r departementet \u2013 hantera ans\u00f6kningarna till alla lediga domartj\u00e4nster, som p\u00e5 grund av pensionsavg\u00e5ngarna m\u00e5ste \u00e5terbes\u00e4ttas i allt snabbare takt.<\/p>\n<p>Andra sidan av myntet \u00e4r f\u00f6rst\u00e5s att regeringen i och med Domarn\u00e4mndens inr\u00e4ttande i praktiken har f\u00f6rlorat den viktiga maktfunktionen att kunna bel\u00f6na lojala personer med h\u00f6ga domar\u00e4mbeten och st\u00e4nga ute andra som inte lika lydigt har r\u00e4ttat in sig ledet, en funktion som inte minst G\u00f6ran Persson \u00e4lskade att ut\u00f6va. Men nej, jag klagar inte \u00f6ver vare sig arbetsb\u00f6rdan eller ansvaret utan konstaterar bara att det h\u00e4r uppdraget kr\u00e4ver mycket tid.<\/p>\n<p><strong>Den utl\u00f6sande faktorn<\/strong> till att jag igen skriver om Domarn\u00e4mnden \u00e4r att jag i dag f\u00f6r f\u00f6rsta g\u00e5ngen fick ett beslut p\u00e5 att jag och riksdagskollegan <a href=\"http:\/\/www.riksdagen.se\/sv\/ledamoter-partier\/Hitta-ledamot\/Ledamoter\/Eberstein-Susanne-0235974887200\/\">Susanne Eberstein,<\/a> ocks\u00e5 allm\u00e4nhetens representant men p\u00e5 S-mandat, har samma r\u00e4tt som n\u00e4mndens \u00f6vriga ledam\u00f6ter till ers\u00e4ttning f\u00f6r slitet &#8211; efter drygt dussinet sammantr\u00e4den. Arvodet \u00e4r s\u00e5 blygsamt att ingen p\u00e5 allvar kan anklaga mig och Susanne f\u00f6r att ge girigheten ett ansikte, men det k\u00e4nns r\u00e4tt att en ers\u00e4ttning nu \u00e4ntligen \u00e4r beslutad.<\/p>\n<p><a href=\"http:\/\/www.mariaabrahamsson.nu\/wp-content\/uploads\/2012\/03\/I-kv\u00e4ll-p\u00e5-ristorante-il-Tempo..jpeg\"><img loading=\"lazy\" decoding=\"async\" class=\"alignleft size-medium wp-image-6936\" title=\"I kv\u00e4ll p\u00e5 ristorante il Tempo.\" src=\"http:\/\/www.mariaabrahamsson.nu\/wp-content\/uploads\/2012\/03\/I-kv\u00e4ll-p\u00e5-ristorante-il-Tempo.-300x168.jpg\" alt=\"\" width=\"300\" height=\"168\" srcset=\"https:\/\/www.mariaabrahamsson.nu\/wp-content\/uploads\/2012\/03\/I-kv\u00e4ll-p\u00e5-ristorante-il-Tempo.-300x168.jpg 300w, https:\/\/www.mariaabrahamsson.nu\/wp-content\/uploads\/2012\/03\/I-kv\u00e4ll-p\u00e5-ristorante-il-Tempo.-1024x576.jpg 1024w, https:\/\/www.mariaabrahamsson.nu\/wp-content\/uploads\/2012\/03\/I-kv\u00e4ll-p\u00e5-ristorante-il-Tempo..jpeg 1600w\" sizes=\"auto, (max-width: 300px) 100vw, 300px\" \/><\/a><\/p>\n<p>I afton har jag glatt mig \u00e5t annat, som god mat och dryck, engelsk konfekt och trevligt s\u00e4llskap p\u00e5 den\u00a0italienska krogen <a href=\"http:\/\/www.iltempo.se\/\">il Tempo <\/a>som i kv\u00e4ll \u00e5terf\u00f6ddes i mina kvarter p\u00e5 S\u00f6dermalm.<\/p>\n<p><strong>En h\u00e4rlig st\u00e4mning<\/strong> med andra ord som inte blev s\u00e4mre av att det sk\u00e5despelande s\u00f6derparet <a href=\"http:\/\/www.google.com\/imgres?q=peter+haber+lena+t+hansson&amp;hl=sv&amp;client=safari&amp;sa=X&amp;rls=en&amp;biw=1280&amp;bih=578&amp;tbm=isch&amp;prmd=imvnso&amp;tbnid=4tf8DGdNXq0mOM:&amp;imgrefurl=http:\/\/sverigesradio.se\/sida\/artikel.aspx%3Fprogramid%3D789%26artikel%3D4295911&amp;docid=SY7TdaUxEd0vFM&amp;imgurl=http:\/\/sverigesradio.se\/diverse\/appdata\/isidor\/images\/news_images\/358\/1472743_209_314.jpg&amp;w=209&amp;h=314&amp;ei=_GleT__QJef34QSeutHODw&amp;zoom=1&amp;iact=hc&amp;vpx=936&amp;vpy=113&amp;dur=3836&amp;hovh=251&amp;hovw=167&amp;tx=85&amp;ty=136&amp;sig=111110111668333476125&amp;page=1&amp;tbnh=118&amp;tbnw=81&amp;start=0&amp;ndsp=24&amp;ved=1t:429,r:6,s:0\">Peter Haber och Lena T Hansson<\/a> b\u00f6jde sig ner \u00f6ver v\u00e5rt bord bara f\u00f6r att s\u00e4ga att de nog trodde att jag gjorde viktiga saker i riksdagen men oj vad de saknar mig p\u00e5 Svenskans ledarsida! Hansson medgav att hon s\u00e4llan hade h\u00e5llit med mig, medan Haber intygade att det hade han visst gjort f\u00f6r det mesta. V\u00e4rmande ord fr\u00e5n m\u00e4nniskor, frimodiga nog att visa hur gulliga de ocks\u00e5 kan vara!<\/p>\n<p>&nbsp;<\/p>\n","protected":false},"excerpt":{"rendered":"<p>Slitet som allm\u00e4nhetens ombud i Domarn\u00e4mnden har jag tidigare ber\u00e4ttat om, bland annat h\u00e4r. Inf\u00f6r varje sammantr\u00e4de v\u00e4ntar instudering av en snudd p\u00e5 halvmetern h\u00f6g lunta av handlingar. I klartext betyder det att vi ledam\u00f6ter infinner oss r\u00f6d\u00f6gda efter en natts genomg\u00e5ng av en n\u00e4stan o\u00f6versk\u00e5dlig m\u00e4ngd ans\u00f6kningar, referenser och sammanst\u00e4llningar. Jo, det b\u00f6rjar g\u00e5&hellip;<\/p>\n<p class=\"more-link-p\"><a class=\"more-link\" href=\"https:\/\/www.mariaabrahamsson.nu\/index.php\/2012\/03\/12\/ersattningen-ar-inte-det-viktiga-men-ratt-ska-vara-ratt\/\">Read more &rarr;<\/a><\/p>\n","protected":false},"author":2,"featured_media":0,"comment_status":"open","ping_status":"open","sticky":false,"template":"","format":"standard","meta":{"footnotes":""},"categories":[1],"tags":[],"class_list":["post-6935","post","type-post","status-publish","format-standard","hentry","category-uncategorized"],"_links":{"self":[{"href":"https:\/\/www.mariaabrahamsson.nu\/index.php\/wp-json\/wp\/v2\/posts\/6935","targetHints":{"allow":["GET"]}}],"collection":[{"href":"https:\/\/www.mariaabrahamsson.nu\/index.php\/wp-json\/wp\/v2\/posts"}],"about":[{"href":"https:\/\/www.mariaabrahamsson.nu\/index.php\/wp-json\/wp\/v2\/types\/post"}],"author":[{"embeddable":true,"href":"https:\/\/www.mariaabrahamsson.nu\/index.php\/wp-json\/wp\/v2\/users\/2"}],"replies":[{"embeddable":true,"href":"https:\/\/www.mariaabrahamsson.nu\/index.php\/wp-json\/wp\/v2\/comments?post=6935"}],"version-history":[{"count":0,"href":"https:\/\/www.mariaabrahamsson.nu\/index.php\/wp-json\/wp\/v2\/posts\/6935\/revisions"}],"wp:attachment":[{"href":"https:\/\/www.mariaabrahamsson.nu\/index.php\/wp-json\/wp\/v2\/media?parent=6935"}],"wp:term":[{"taxonomy":"category","embeddable":true,"href":"https:\/\/www.mariaabrahamsson.nu\/index.php\/wp-json\/wp\/v2\/categories?post=6935"},{"taxonomy":"post_tag","embeddable":true,"href":"https:\/\/www.mariaabrahamsson.nu\/index.php\/wp-json\/wp\/v2\/tags?post=6935"}],"curies":[{"name":"wp","href":"https:\/\/api.w.org\/{rel}","templated":true}]}}