{"id":6860,"date":"2012-02-29T11:48:20","date_gmt":"2012-02-29T10:48:20","guid":{"rendered":"http:\/\/www.mariaabrahamsson.nu\/?p=6860"},"modified":"2012-02-29T11:48:44","modified_gmt":"2012-02-29T10:48:44","slug":"starka-skal-att-inte-hoppa-barnkonventionstaget","status":"publish","type":"post","link":"https:\/\/www.mariaabrahamsson.nu\/index.php\/2012\/02\/29\/starka-skal-att-inte-hoppa-barnkonventionstaget\/","title":{"rendered":"Starka sk\u00e4l att inte hoppa p\u00e5 barnkonventionst\u00e5get"},"content":{"rendered":"<p><strong>Min partibroder\u00a0<\/strong>Anti Avsan redog\u00f6r <a href=\"http:\/\/antiavsan.blogspot.com\/2012\/02\/barnkonventionen-som-svensk-lag.html\">h\u00e4r<\/a>\u00a0mycket pedagogiskt varf\u00f6r det \u00e4r fel att inf\u00f6rliva barnkonventionen i svensk lagstiftning. Detta aprop\u00e5\u00a0<a href=\"http:\/\/blog.svd.se\/politikdirekt\/2012\/02\/moderaterna-tar-fram-ny-barnpolitik\/\">funderingen <\/a>nu ocks\u00e5 i mitt och Antis parti om att Sverige kanske \u00e4nd\u00e5 borde g\u00f6ra det.<\/p>\n<p>I st\u00e4llet menar jag &#8211; och Anti, som jag uppfattar det &#8211; att moderaterna, ja hela regering faktiskt (som jag oblygt <a href=\"http:\/\/www.mariaabrahamsson.nu\/index.php\/2012\/02\/25\/lagg-ner-barnkonventionssnacket-agera-i-stallet-som-narkolepsibarnens-ombudsman\/\">f\u00f6reslog <\/a>h\u00e4romdagen) borde skippa symbolpolitiken och i st\u00e4llet se till att de arma krakar som p\u00e5 grund av regeringens och myndigheternas influensahysteri drabbades av narkolepsi, f\u00e5r ekonomisk kompensation inte bara f\u00f6r sitt lidande utan ocks\u00e5 f\u00f6r uteblivna framtida inkomster. F\u00f6r dessa barn vore det en konkret solidaritetshandling fr\u00e5n samh\u00e4llet som kan betyda allt.<\/p>\n<p>&nbsp;<\/p>\n","protected":false},"excerpt":{"rendered":"<p>Min partibroder\u00a0Anti Avsan redog\u00f6r h\u00e4r\u00a0mycket pedagogiskt varf\u00f6r det \u00e4r fel att inf\u00f6rliva barnkonventionen i svensk lagstiftning. Detta aprop\u00e5\u00a0funderingen nu ocks\u00e5 i mitt och Antis parti om att Sverige kanske \u00e4nd\u00e5 borde g\u00f6ra det. I st\u00e4llet menar jag &#8211; och Anti, som jag uppfattar det &#8211; att moderaterna, ja hela regering faktiskt (som jag oblygt f\u00f6reslog&hellip;<\/p>\n<p class=\"more-link-p\"><a class=\"more-link\" href=\"https:\/\/www.mariaabrahamsson.nu\/index.php\/2012\/02\/29\/starka-skal-att-inte-hoppa-barnkonventionstaget\/\">Read more &rarr;<\/a><\/p>\n","protected":false},"author":2,"featured_media":0,"comment_status":"open","ping_status":"open","sticky":false,"template":"","format":"standard","meta":{"footnotes":""},"categories":[1],"tags":[],"class_list":["post-6860","post","type-post","status-publish","format-standard","hentry","category-uncategorized"],"_links":{"self":[{"href":"https:\/\/www.mariaabrahamsson.nu\/index.php\/wp-json\/wp\/v2\/posts\/6860","targetHints":{"allow":["GET"]}}],"collection":[{"href":"https:\/\/www.mariaabrahamsson.nu\/index.php\/wp-json\/wp\/v2\/posts"}],"about":[{"href":"https:\/\/www.mariaabrahamsson.nu\/index.php\/wp-json\/wp\/v2\/types\/post"}],"author":[{"embeddable":true,"href":"https:\/\/www.mariaabrahamsson.nu\/index.php\/wp-json\/wp\/v2\/users\/2"}],"replies":[{"embeddable":true,"href":"https:\/\/www.mariaabrahamsson.nu\/index.php\/wp-json\/wp\/v2\/comments?post=6860"}],"version-history":[{"count":0,"href":"https:\/\/www.mariaabrahamsson.nu\/index.php\/wp-json\/wp\/v2\/posts\/6860\/revisions"}],"wp:attachment":[{"href":"https:\/\/www.mariaabrahamsson.nu\/index.php\/wp-json\/wp\/v2\/media?parent=6860"}],"wp:term":[{"taxonomy":"category","embeddable":true,"href":"https:\/\/www.mariaabrahamsson.nu\/index.php\/wp-json\/wp\/v2\/categories?post=6860"},{"taxonomy":"post_tag","embeddable":true,"href":"https:\/\/www.mariaabrahamsson.nu\/index.php\/wp-json\/wp\/v2\/tags?post=6860"}],"curies":[{"name":"wp","href":"https:\/\/api.w.org\/{rel}","templated":true}]}}