{"id":6737,"date":"2012-02-10T23:03:40","date_gmt":"2012-02-10T22:03:40","guid":{"rendered":"http:\/\/www.mariaabrahamsson.nu\/?p=6737"},"modified":"2012-02-10T23:31:46","modified_gmt":"2012-02-10T22:31:46","slug":"ungmoderaterna-i-lulea-vantar-pa-mig","status":"publish","type":"post","link":"https:\/\/www.mariaabrahamsson.nu\/index.php\/2012\/02\/10\/ungmoderaterna-i-lulea-vantar-pa-mig\/","title":{"rendered":"Ungmoderaterna i Lule\u00e5 v\u00e4ntar p\u00e5 mig"},"content":{"rendered":"<p><strong><strong><a href=\"http:\/\/www.mariaabrahamsson.nu\/wp-content\/uploads\/2012\/02\/Panelsamtal-under-veckans-Svenska-Juristst\u00e4mma.2.jpeg\"><img loading=\"lazy\" decoding=\"async\" class=\"alignleft size-medium wp-image-6742\" title=\"Panelsamtal under veckans Svenska Juristst\u00e4mma.\" src=\"http:\/\/www.mariaabrahamsson.nu\/wp-content\/uploads\/2012\/02\/Panelsamtal-under-veckans-Svenska-Juristst\u00e4mma.2-300x223.jpg\" alt=\"\" width=\"300\" height=\"223\" srcset=\"https:\/\/www.mariaabrahamsson.nu\/wp-content\/uploads\/2012\/02\/Panelsamtal-under-veckans-Svenska-Juristst\u00e4mma.2-300x223.jpg 300w, https:\/\/www.mariaabrahamsson.nu\/wp-content\/uploads\/2012\/02\/Panelsamtal-under-veckans-Svenska-Juristst\u00e4mma.2.jpeg 1024w\" sizes=\"auto, (max-width: 300px) 100vw, 300px\" \/><\/a><\/strong><\/strong><strong>Mona Sahlin hade<\/strong> samma\u00a0snygga dojor p\u00e5 sig i kv\u00e4ll hos <a href=\"http:\/\/svt.se\/2.22620\/1.2706305\/mona_sahlin_kande_lite_skadegladje\">Skavlan<\/a> som hon hade i onsdags eftermiddag p\u00e5 Svensk Juristst\u00e4mma. I kv\u00e4ll f\u00f6ll jag dessutom\u00a0pladask f\u00f6r Sahlins uppriktiga konstaterande att hon har satt en \u00e4ra i att vara kontroversiell. Den livsinst\u00e4llningen har vi gemensamt, alla andra olikheter till trots. H\u00f6r bara hur jag l\u00e5ter <a href=\"http:\/\/sverigesradio.se\/sida\/play.aspx?ljud=3758631\">i Ekot<\/a>\u00a0i veckan om partibidragen.<\/p>\n<p>Den forna S-ledaren, det avhoppade milj\u00f6r\u00f6ret Maria Wetterstrand och jag hade allts\u00e5 i onsdags \u00e4ran att inf\u00f6r ett hyfsat stort urval av den svenska juristk\u00e5ren fundera h\u00f6gt om att g\u00f6ra livsval, vara modig som kvinna. Nej, vi var verkligen inte \u00f6verens om allt bara f\u00f6r att vi alla var just kvinnor! Mer om detta p\u00e5 m\u00e5ndag d\u00e5 undertecknad recenserar tillst\u00e4llningen p\u00e5 Sundsvalls tidnings <a href=\"http:\/\/st.nu\/opinion\">ledarsida.<\/a><\/p>\n<p><strong>Denna fredag<\/strong> som g\u00e5r mot sitt slut har jag slipat p\u00e5 talepunkterna inf\u00f6r morgondagens framtr\u00e4dande p\u00e5 MUF Norrbottens Distriktsst\u00e4mma i Lule\u00e5. Eller om det nu \u00e4r F\u00f6rbundsst\u00e4mma. I brist p\u00e5 MUF- och \u00f6ver huvud taget partibakgrund har jag ingen riktigt bra koll p\u00e5 s\u00e5dant d\u00e4r.<\/p>\n<p>Hur som helst, det ska bli j\u00e4ttekul att f\u00e5 drilla uppemot utlovade 40-50 ungmoderater om livet i riksdagen, mina hj\u00e4rtefr\u00e5gor, det parlamentariska l\u00e4get, vad som h\u00e4nder i skatteutskottet och vart &#8230; allianst\u00e5get \u00e4r p\u00e5 v\u00e4g.<\/p>\n<p><strong>Vad jag vet om det?<\/strong> Ni anar inte vad man kan klura ut under en flygresa p\u00e5 dryga timmen!<\/p>\n","protected":false},"excerpt":{"rendered":"<p>Mona Sahlin hade samma\u00a0snygga dojor p\u00e5 sig i kv\u00e4ll hos Skavlan som hon hade i onsdags eftermiddag p\u00e5 Svensk Juristst\u00e4mma. I kv\u00e4ll f\u00f6ll jag dessutom\u00a0pladask f\u00f6r Sahlins uppriktiga konstaterande att hon har satt en \u00e4ra i att vara kontroversiell. Den livsinst\u00e4llningen har vi gemensamt, alla andra olikheter till trots. H\u00f6r bara hur jag l\u00e5ter i&hellip;<\/p>\n<p class=\"more-link-p\"><a class=\"more-link\" href=\"https:\/\/www.mariaabrahamsson.nu\/index.php\/2012\/02\/10\/ungmoderaterna-i-lulea-vantar-pa-mig\/\">Read more &rarr;<\/a><\/p>\n","protected":false},"author":2,"featured_media":0,"comment_status":"open","ping_status":"open","sticky":false,"template":"","format":"standard","meta":{"footnotes":""},"categories":[1],"tags":[],"class_list":["post-6737","post","type-post","status-publish","format-standard","hentry","category-uncategorized"],"_links":{"self":[{"href":"https:\/\/www.mariaabrahamsson.nu\/index.php\/wp-json\/wp\/v2\/posts\/6737","targetHints":{"allow":["GET"]}}],"collection":[{"href":"https:\/\/www.mariaabrahamsson.nu\/index.php\/wp-json\/wp\/v2\/posts"}],"about":[{"href":"https:\/\/www.mariaabrahamsson.nu\/index.php\/wp-json\/wp\/v2\/types\/post"}],"author":[{"embeddable":true,"href":"https:\/\/www.mariaabrahamsson.nu\/index.php\/wp-json\/wp\/v2\/users\/2"}],"replies":[{"embeddable":true,"href":"https:\/\/www.mariaabrahamsson.nu\/index.php\/wp-json\/wp\/v2\/comments?post=6737"}],"version-history":[{"count":0,"href":"https:\/\/www.mariaabrahamsson.nu\/index.php\/wp-json\/wp\/v2\/posts\/6737\/revisions"}],"wp:attachment":[{"href":"https:\/\/www.mariaabrahamsson.nu\/index.php\/wp-json\/wp\/v2\/media?parent=6737"}],"wp:term":[{"taxonomy":"category","embeddable":true,"href":"https:\/\/www.mariaabrahamsson.nu\/index.php\/wp-json\/wp\/v2\/categories?post=6737"},{"taxonomy":"post_tag","embeddable":true,"href":"https:\/\/www.mariaabrahamsson.nu\/index.php\/wp-json\/wp\/v2\/tags?post=6737"}],"curies":[{"name":"wp","href":"https:\/\/api.w.org\/{rel}","templated":true}]}}