{"id":6700,"date":"2012-02-04T18:03:06","date_gmt":"2012-02-04T17:03:06","guid":{"rendered":"http:\/\/www.mariaabrahamsson.nu\/?p=6700"},"modified":"2012-02-05T01:50:00","modified_gmt":"2012-02-05T00:50:00","slug":"fardigakt-med-rantesnurrekarusellen","status":"publish","type":"post","link":"https:\/\/www.mariaabrahamsson.nu\/index.php\/2012\/02\/04\/fardigakt-med-rantesnurrekarusellen\/","title":{"rendered":"Snart slut\u00e5kt med r\u00e4ntesnurrekarusellen"},"content":{"rendered":"<p><a href=\"http:\/\/www.mariaabrahamsson.nu\/wp-content\/uploads\/2012\/02\/Veckans-aktuella-debatt.1.jpeg\"><img loading=\"lazy\" decoding=\"async\" class=\"alignleft size-medium wp-image-6704\" title=\"Veckans aktuella debatt.\" src=\"http:\/\/www.mariaabrahamsson.nu\/wp-content\/uploads\/2012\/02\/Veckans-aktuella-debatt.1-300x223.jpg\" alt=\"\" width=\"300\" height=\"223\" srcset=\"https:\/\/www.mariaabrahamsson.nu\/wp-content\/uploads\/2012\/02\/Veckans-aktuella-debatt.1-300x223.jpg 300w, https:\/\/www.mariaabrahamsson.nu\/wp-content\/uploads\/2012\/02\/Veckans-aktuella-debatt.1.jpeg 1024w\" sizes=\"auto, (max-width: 300px) 100vw, 300px\" \/><\/a><strong>Jag nickade uppmuntrande<\/strong>\u00a0fr\u00e5n min b\u00e4nkplats (314). Nej, det h\u00f6r inte till vanligheterna men jag kunde bara inst\u00e4mma i min utskottskollega <a href=\"http:\/\/www.riksdagen.se\/webbnav\/index.aspx?nid=1111&amp;iid=0339894357417\">Jennie Nilssons <\/a>syrliga kommentar i talarstolen. (H\u00e4r p\u00e5 bilden dock finansminister Anders Borg.)<\/p>\n<p>Nilsson var irriterad och sur p\u00e5 att det hade tagit s\u00e5 l\u00e5ng tid fr\u00e5n det att Socialdemokraterna beg\u00e4rde fredagens aktuella debatt <a href=\"http:\/\/www.riksdagen.se\/webbnav\/?nid=101&amp;dok_id=GZ0967&amp;bet=2011\/12:67\">om riskkapitalbolag i den skattefinansierade v\u00e4lf\u00e4rden<\/a>, och det gjorde allts\u00e5 S den 10 november, till dess att\u00a0debatten \u00e4gde rum, vilket allts\u00e5 var i g\u00e5r den 3 februari.<\/p>\n<p>Det s\u00e4ger sig sj\u00e4lvt att riksdagens arrangemang med aktuella debatter f\u00e5r n\u00e5got l\u00f6jev\u00e4ckande \u00f6ver sig om debattlystna riksdagsledam\u00f6ter ska beh\u00f6va v\u00e4nta i flera m\u00e5nader innan den aktuella debatten blir av. Indignationen kan ju hinna g\u00e5 \u00f6ver, opinionsv\u00e5gorna l\u00e4gga sig och &#8211; hemska tanke &#8211; mediernas str\u00e5lkastarljus ha hunnit v\u00e4ndas \u00e5t annat h\u00e5ll flera g\u00e5nger om. I det l\u00e4get kan jag v\u00e4l f\u00f6rst\u00e5 att det inte \u00e4r kul alls att \u00e4ntra talarstolen, elda upp sig och slugga hej vilt &#8230; oklart bara varf\u00f6r och mot vem?<\/p>\n<p><strong>Men s\u00e5 var knappast <\/strong>fallet i fredags. F\u00f6r ingen, absolut ingen, kan ha gl\u00f6mt h\u00f6stens avsl\u00f6janden om missf\u00f6rh\u00e5llanden inom \u00e4ldrev\u00e5rden. Och den folkliga ilskan, som absolut delas av oss politiker, \u00e4r helt intakt.<\/p>\n<p>Som finansministern ocks\u00e5 p\u00e5pekade i riksdagsdebatten arbetar alliansregeringen intensivare \u00e4n n\u00e5gon annan S-regering tidigare har gjort med att s\u00e4tta stopp f\u00f6r dessa skatteuppl\u00e4gg som har gjort det m\u00f6jligt f\u00f6r riskkapitalisters v\u00e5rdbolag och deras investerare att plocka ut miljardvinster i (l\u00e5gskattel\u00e4nder) utomlands i st\u00e4llet f\u00f6r att g\u00f6ra r\u00e4tt f\u00f6r sig i (h\u00f6gskattelandet) Sverige.<\/p>\n<p><strong>Jo, jag \u00e4r klibbig part<\/strong> i m\u00e5let men det ligger inte f\u00f6r mig att av enbart lojalitetssk\u00e4l kelgrisa med vare sig regeringen eller enskilda statsr\u00e5d. Sj\u00e4lvklart har jag ocks\u00e5 en och annan synpunkt p\u00e5 hur alltf\u00f6r h\u00f6ga skatteniv\u00e5er p\u00e5verkar folks agerande, men l\u00e5t mig \u00e5terkomma till det. (Och d\u00e5 t\u00e4nker jag inte fr\u00e4mst p\u00e5 inf\u00f6rseln i landet av billig l\u00e5gbeskattad alkohol som s\u00e4tter Systembolagets stolta paroller ur spel och som dessv\u00e4rre ocks\u00e5 \u00e4r en grogrund f\u00f6r tung kriminalitet i hamnst\u00e4der som Malm\u00f6).<\/p>\n<p>Finansminister Anders Borg var som sagt f\u00f6red\u00f6mligt tydlig i fredagens v\u00e4lf\u00e4rdsdebatt med att det NU f\u00e5r vara f\u00e4rdig\u00e5kt med r\u00e4ntesnurrekarusellen. I dagens DN annonserar Borg att det redan om ett par m\u00e5nader &#8211; mars eller april, vad vet jag? &#8211; kommer f\u00f6rslag fr\u00e5n regeringen som ska s\u00e4tta stopp f\u00f6r v\u00e4lf\u00e4rds- och andra tj\u00e4nstef\u00f6retags m\u00f6jligheter att g\u00f6mma vinster utomlands.<\/p>\n<p><strong>I likhet med en hel del <\/strong>andra litar jag p\u00e5\u00a0<a href=\"http:\/\/www.folkbladet.se\/opinion\/ledare\/default.aspx?articleid=5894921\">finansministern.<\/a>\u00a0Som det (n\u00e4stan) st\u00e5r i psalmen: V\u00e5r Anders \u00e4r oss en\u00a0<a href=\"http:\/\/www.youtube.com\/watch?v=SACiyF8KXcE\">v\u00e4ldig Borg<\/a>.<\/p>\n<p>L\u00f6rdag p\u00e5 er!<\/p>\n<p>&nbsp;<\/p>\n","protected":false},"excerpt":{"rendered":"<p>Jag nickade uppmuntrande\u00a0fr\u00e5n min b\u00e4nkplats (314). Nej, det h\u00f6r inte till vanligheterna men jag kunde bara inst\u00e4mma i min utskottskollega Jennie Nilssons syrliga kommentar i talarstolen. (H\u00e4r p\u00e5 bilden dock finansminister Anders Borg.) Nilsson var irriterad och sur p\u00e5 att det hade tagit s\u00e5 l\u00e5ng tid fr\u00e5n det att Socialdemokraterna beg\u00e4rde fredagens aktuella debatt om&hellip;<\/p>\n<p class=\"more-link-p\"><a class=\"more-link\" href=\"https:\/\/www.mariaabrahamsson.nu\/index.php\/2012\/02\/04\/fardigakt-med-rantesnurrekarusellen\/\">Read more &rarr;<\/a><\/p>\n","protected":false},"author":2,"featured_media":0,"comment_status":"open","ping_status":"open","sticky":false,"template":"","format":"standard","meta":{"footnotes":""},"categories":[1],"tags":[],"class_list":["post-6700","post","type-post","status-publish","format-standard","hentry","category-uncategorized"],"_links":{"self":[{"href":"https:\/\/www.mariaabrahamsson.nu\/index.php\/wp-json\/wp\/v2\/posts\/6700","targetHints":{"allow":["GET"]}}],"collection":[{"href":"https:\/\/www.mariaabrahamsson.nu\/index.php\/wp-json\/wp\/v2\/posts"}],"about":[{"href":"https:\/\/www.mariaabrahamsson.nu\/index.php\/wp-json\/wp\/v2\/types\/post"}],"author":[{"embeddable":true,"href":"https:\/\/www.mariaabrahamsson.nu\/index.php\/wp-json\/wp\/v2\/users\/2"}],"replies":[{"embeddable":true,"href":"https:\/\/www.mariaabrahamsson.nu\/index.php\/wp-json\/wp\/v2\/comments?post=6700"}],"version-history":[{"count":0,"href":"https:\/\/www.mariaabrahamsson.nu\/index.php\/wp-json\/wp\/v2\/posts\/6700\/revisions"}],"wp:attachment":[{"href":"https:\/\/www.mariaabrahamsson.nu\/index.php\/wp-json\/wp\/v2\/media?parent=6700"}],"wp:term":[{"taxonomy":"category","embeddable":true,"href":"https:\/\/www.mariaabrahamsson.nu\/index.php\/wp-json\/wp\/v2\/categories?post=6700"},{"taxonomy":"post_tag","embeddable":true,"href":"https:\/\/www.mariaabrahamsson.nu\/index.php\/wp-json\/wp\/v2\/tags?post=6700"}],"curies":[{"name":"wp","href":"https:\/\/api.w.org\/{rel}","templated":true}]}}