{"id":6671,"date":"2012-01-25T00:12:39","date_gmt":"2012-01-24T23:12:39","guid":{"rendered":"http:\/\/www.mariaabrahamsson.nu\/?p=6671"},"modified":"2012-01-25T00:12:48","modified_gmt":"2012-01-24T23:12:48","slug":"med-eller-utan-spikskor-rullar-riksdagsaret-i-gang","status":"publish","type":"post","link":"https:\/\/www.mariaabrahamsson.nu\/index.php\/2012\/01\/25\/med-eller-utan-spikskor-rullar-riksdagsaret-i-gang\/","title":{"rendered":"Med eller utan spikskor rullar riksdags\u00e5ret i g\u00e5ng"},"content":{"rendered":"<p><strong><a href=\"http:\/\/www.mariaabrahamsson.nu\/wp-content\/uploads\/2012\/01\/V\u00e5ga-bara-k\u00f6ra-med-dubbar.jpeg\"><img loading=\"lazy\" decoding=\"async\" class=\"alignleft size-medium wp-image-6672\" title=\"V\u00e5ga bara k\u00f6ra med dubbar!\" src=\"http:\/\/www.mariaabrahamsson.nu\/wp-content\/uploads\/2012\/01\/V\u00e5ga-bara-k\u00f6ra-med-dubbar-168x300.jpg\" alt=\"\" width=\"168\" height=\"300\" srcset=\"https:\/\/www.mariaabrahamsson.nu\/wp-content\/uploads\/2012\/01\/V\u00e5ga-bara-k\u00f6ra-med-dubbar-168x300.jpg 168w, https:\/\/www.mariaabrahamsson.nu\/wp-content\/uploads\/2012\/01\/V\u00e5ga-bara-k\u00f6ra-med-dubbar-576x1024.jpg 576w, https:\/\/www.mariaabrahamsson.nu\/wp-content\/uploads\/2012\/01\/V\u00e5ga-bara-k\u00f6ra-med-dubbar.jpeg 900w\" sizes=\"auto, (max-width: 168px) 100vw, 168px\" \/><\/a>S\u00e5 rullar riksdags\u00e5ret\u00a0<\/strong>i g\u00e5ng, med eller utan spikskor (bilden fr\u00e5n min stadsdel S\u00f6dermalm!)<\/p>\n<p>I m\u00e5ndags morse var det frukostsamtal med planeringsprat inf\u00f6r n\u00e4sta m\u00e5ndags kv\u00e4lls\u00f6vning hos S:ta Katharinastiftelsen i ett lika uppm\u00e4rksammat som angel\u00e4get <a href=\"http:\/\/www.katharinastiftelsen.se\/event\/experterna-trovardighet-eller-trovardighetskris-2\/\">\u00e4mne<\/a>.\u00a0Jag har f\u00e5tt f\u00f6rtroendet att denna kv\u00e4ll (31\/1) agera samtalsledare med allt vad det inneb\u00e4r i form av instudering, nagelbitning och f\u00f6rberedelse. \u00c5terkommer med rapport om hur det gick.<\/p>\n<p><strong>H\u00e4romdagen damp s\u00e5\u00a0<\/strong>s\u00e4songens premi\u00e4rerbjudande ner om att f\u00e5 panelboxas under sommarens politikervecka i Almedalen. Inbjudare \u00e4r inte den nya S-ledaren vem det nu blir utan <a href=\"http:\/\/www.tu.se\/\">Tidningsutgivarna<\/a>. \u00a0Och ja, det \u00e4r tryck- och yttrandefrihetens framtida st\u00e4llning som st\u00e5r p\u00e5 agendan. \u00c4mnet \u00e4r lika \u00f6desm\u00e4ttat tungt som det l\u00e5ter, s\u00e5 den h\u00e4r g\u00e5ngen k\u00e4ndes det n\u00e4stan som en medborgerlig plikt att tacka ja!<\/p>\n<p>Av bara farten har jag ocks\u00e5 g\u00e5tt med p\u00e5 att \u00e5rsm\u00f6testala hos partikamraterna i Nyn\u00e4shamn, moderatkompisarna i Kista och p\u00e5 ungmoderaternas f\u00f6rbundst\u00e4mma i Lule\u00e5. I mars blir det bes\u00f6k och anf\u00f6rande hos Juristklubben i Kalmar, liksom hos M-kvinnorna i barndomsstaden n\u00e5gon vecka senare f\u00f6r att d\u00e5 diskutera RUT-reformens f\u00f6rtj\u00e4nster.<\/p>\n<p><strong>Gl\u00f6mde jag n\u00e4mna<\/strong> <a href=\"http:\/\/lnu.se\/institutioner\/institutionen-for-datavetenskap-fysik-och-matematik\/1.54341\/smalands-gille-i-stockholm-utlyser-for-ar-2011-ett-stipendium-pa-tjugofemtusen-25-000-kronor\">Sm\u00e5landsgillet?<\/a> Till skillnad fr\u00e5n vad man skulle kunna tro huserar detta solenna s\u00e4llskap i Stockholm, och dit \u00e4r jag h\u00f6gtidligen inbjuden f\u00f6r att i februari redog\u00f6ra f\u00f6r min l\u00e5nga resa, fr\u00e5n kalmarf\u00f6rorten Smedby \u00e4nda in i rikspolitiken. Det f\u00f6rpliktar.<\/p>\n<p>Men i morgon \u00e4r det onsdag och heldagsinternat med Domarn\u00e4mnden och efterf\u00f6ljande middag i <a href=\"http:\/\/www.partymakarna.se\/restauranger\/riddarholmen\/\">Svea Matr\u00e4tt<\/a>.\u00a0Men f\u00f6re dess avbrott f\u00f6r votering i kammaren klockan 16.00, utan dramatik s\u00e5vitt jag kan bed\u00f6ma. Om det blir n\u00e5got raffel i morgondagens aktuella debatt om arbetsl\u00f6sheten, p\u00e5 beg\u00e4ran av <a href=\"http:\/\/www.riksdagen.se\/templates\/R_Page____26157.aspx\">Socialdemokraterna<\/a>, \u00e5terst\u00e5r att se, som det brukar heta n\u00e4r man inte har en susning.<\/p>\n<p><strong>I \u00f6vermorgon \u00e4r det<\/strong>\u00a0f\u00f6rsta sammantr\u00e4det f\u00f6r \u00e5ret i Skatteutskottet. Ekot p\u00e5minde mig\u00a0<a href=\"http:\/\/sverigesradio.se\/sida\/artikel.aspx?programid=83&amp;artikel=4919763\">om det<\/a>. Strax f\u00f6re torsdag lunch b\u00e4r det i v\u00e4g till internat med den moderata riksdagsgruppen &#8230; och ja, statsministern kommer dit och hemligheter kommer att avhandlas &#8211; <em>en masse<\/em>.<\/p>\n<p>H\u00f6rs!<\/p>\n","protected":false},"excerpt":{"rendered":"<p>S\u00e5 rullar riksdags\u00e5ret\u00a0i g\u00e5ng, med eller utan spikskor (bilden fr\u00e5n min stadsdel S\u00f6dermalm!) I m\u00e5ndags morse var det frukostsamtal med planeringsprat inf\u00f6r n\u00e4sta m\u00e5ndags kv\u00e4lls\u00f6vning hos S:ta Katharinastiftelsen i ett lika uppm\u00e4rksammat som angel\u00e4get \u00e4mne.\u00a0Jag har f\u00e5tt f\u00f6rtroendet att denna kv\u00e4ll (31\/1) agera samtalsledare med allt vad det inneb\u00e4r i form av instudering, nagelbitning och&hellip;<\/p>\n<p class=\"more-link-p\"><a class=\"more-link\" href=\"https:\/\/www.mariaabrahamsson.nu\/index.php\/2012\/01\/25\/med-eller-utan-spikskor-rullar-riksdagsaret-i-gang\/\">Read more &rarr;<\/a><\/p>\n","protected":false},"author":2,"featured_media":0,"comment_status":"open","ping_status":"open","sticky":false,"template":"","format":"standard","meta":{"footnotes":""},"categories":[1],"tags":[],"class_list":["post-6671","post","type-post","status-publish","format-standard","hentry","category-uncategorized"],"_links":{"self":[{"href":"https:\/\/www.mariaabrahamsson.nu\/index.php\/wp-json\/wp\/v2\/posts\/6671","targetHints":{"allow":["GET"]}}],"collection":[{"href":"https:\/\/www.mariaabrahamsson.nu\/index.php\/wp-json\/wp\/v2\/posts"}],"about":[{"href":"https:\/\/www.mariaabrahamsson.nu\/index.php\/wp-json\/wp\/v2\/types\/post"}],"author":[{"embeddable":true,"href":"https:\/\/www.mariaabrahamsson.nu\/index.php\/wp-json\/wp\/v2\/users\/2"}],"replies":[{"embeddable":true,"href":"https:\/\/www.mariaabrahamsson.nu\/index.php\/wp-json\/wp\/v2\/comments?post=6671"}],"version-history":[{"count":0,"href":"https:\/\/www.mariaabrahamsson.nu\/index.php\/wp-json\/wp\/v2\/posts\/6671\/revisions"}],"wp:attachment":[{"href":"https:\/\/www.mariaabrahamsson.nu\/index.php\/wp-json\/wp\/v2\/media?parent=6671"}],"wp:term":[{"taxonomy":"category","embeddable":true,"href":"https:\/\/www.mariaabrahamsson.nu\/index.php\/wp-json\/wp\/v2\/categories?post=6671"},{"taxonomy":"post_tag","embeddable":true,"href":"https:\/\/www.mariaabrahamsson.nu\/index.php\/wp-json\/wp\/v2\/tags?post=6671"}],"curies":[{"name":"wp","href":"https:\/\/api.w.org\/{rel}","templated":true}]}}