{"id":6668,"date":"2012-01-21T20:07:25","date_gmt":"2012-01-21T19:07:25","guid":{"rendered":"http:\/\/www.mariaabrahamsson.nu\/?p=6668"},"modified":"2012-01-21T20:07:30","modified_gmt":"2012-01-21T19:07:30","slug":"sr-och-svt-lagger-om-tablaerna-for-att-s-ledaren-avgar","status":"publish","type":"post","link":"https:\/\/www.mariaabrahamsson.nu\/index.php\/2012\/01\/21\/sr-och-svt-lagger-om-tablaerna-for-att-s-ledaren-avgar\/","title":{"rendered":"SR och SVT l\u00e4gger om tabl\u00e5erna &#8230; f\u00f6r att S-ledaren avg\u00e5r"},"content":{"rendered":"<p><strong>Kan en ledare f\u00f6r det st\u00f6rsta<\/strong> oppositionspartiet mer demonstrativt markera distans till den politiska eliten i Stockholm \u00e4n att meddela sin avg\u00e5ng fr\u00e5n ett k\u00f6pcentrum i Oskarshamn?<\/p>\n<p>Nej, och d\u00e4rf\u00f6r kan H\u00e5kan Juholts medialt h\u00e5rdbevakade f\u00f6rest\u00e4llning i dag bara uppfattas som att han, en illa tilltufsade underdog, vill visa att han visst hade kunnat sitta kvar om bara partiets gr\u00e4sr\u00f6tter hade f\u00e5tt best\u00e4mma.<\/p>\n<p><strong>Jag \u00e4r sj\u00e4lv inf\u00f6dd kalmarit<\/strong> och har inget alls emot Oskarshamn som plats p\u00e5 jorden, men det k\u00e4nns l\u00e4tt absurt att denna trots allt h\u00e5la pl\u00f6tsligt blir br\u00e4nnpunkt f\u00f6r det politiska livet. \u00c5tminstone enligt mediernas v\u00e4rldsbild. F\u00f6r aldrig n\u00e5gonsin har v\u00e4l en partiledares avg\u00e5ng f\u00e5tt SVT och SR att s\u00e5 grundligt stuva om sina programtabl\u00e5er som skett denna l\u00f6rdag. Ingen motsvarande politisk h\u00e4ndelse skulle ha f\u00e5tt samma v\u00e5ldsamt uppskruvade proportioner som denna.<\/p>\n<p>Och det kan v\u00e4l inte ha n\u00e5got annat att g\u00f6ra med \u00e4n att huvudpersonen \u00e4r sosse&#8230;???<\/p>\n<p>&nbsp;<\/p>\n","protected":false},"excerpt":{"rendered":"<p>Kan en ledare f\u00f6r det st\u00f6rsta oppositionspartiet mer demonstrativt markera distans till den politiska eliten i Stockholm \u00e4n att meddela sin avg\u00e5ng fr\u00e5n ett k\u00f6pcentrum i Oskarshamn? Nej, och d\u00e4rf\u00f6r kan H\u00e5kan Juholts medialt h\u00e5rdbevakade f\u00f6rest\u00e4llning i dag bara uppfattas som att han, en illa tilltufsade underdog, vill visa att han visst hade kunnat sitta&hellip;<\/p>\n<p class=\"more-link-p\"><a class=\"more-link\" href=\"https:\/\/www.mariaabrahamsson.nu\/index.php\/2012\/01\/21\/sr-och-svt-lagger-om-tablaerna-for-att-s-ledaren-avgar\/\">Read more &rarr;<\/a><\/p>\n","protected":false},"author":2,"featured_media":0,"comment_status":"open","ping_status":"open","sticky":false,"template":"","format":"standard","meta":{"footnotes":""},"categories":[1],"tags":[],"class_list":["post-6668","post","type-post","status-publish","format-standard","hentry","category-uncategorized"],"_links":{"self":[{"href":"https:\/\/www.mariaabrahamsson.nu\/index.php\/wp-json\/wp\/v2\/posts\/6668","targetHints":{"allow":["GET"]}}],"collection":[{"href":"https:\/\/www.mariaabrahamsson.nu\/index.php\/wp-json\/wp\/v2\/posts"}],"about":[{"href":"https:\/\/www.mariaabrahamsson.nu\/index.php\/wp-json\/wp\/v2\/types\/post"}],"author":[{"embeddable":true,"href":"https:\/\/www.mariaabrahamsson.nu\/index.php\/wp-json\/wp\/v2\/users\/2"}],"replies":[{"embeddable":true,"href":"https:\/\/www.mariaabrahamsson.nu\/index.php\/wp-json\/wp\/v2\/comments?post=6668"}],"version-history":[{"count":0,"href":"https:\/\/www.mariaabrahamsson.nu\/index.php\/wp-json\/wp\/v2\/posts\/6668\/revisions"}],"wp:attachment":[{"href":"https:\/\/www.mariaabrahamsson.nu\/index.php\/wp-json\/wp\/v2\/media?parent=6668"}],"wp:term":[{"taxonomy":"category","embeddable":true,"href":"https:\/\/www.mariaabrahamsson.nu\/index.php\/wp-json\/wp\/v2\/categories?post=6668"},{"taxonomy":"post_tag","embeddable":true,"href":"https:\/\/www.mariaabrahamsson.nu\/index.php\/wp-json\/wp\/v2\/tags?post=6668"}],"curies":[{"name":"wp","href":"https:\/\/api.w.org\/{rel}","templated":true}]}}