{"id":6518,"date":"2011-12-23T16:07:27","date_gmt":"2011-12-23T15:07:27","guid":{"rendered":"http:\/\/www.mariaabrahamsson.nu\/?p=6518"},"modified":"2011-12-23T16:11:33","modified_gmt":"2011-12-23T15:11:33","slug":"juldimman-rullar-in-over-kalmar","status":"publish","type":"post","link":"https:\/\/www.mariaabrahamsson.nu\/index.php\/2011\/12\/23\/juldimman-rullar-in-over-kalmar\/","title":{"rendered":"Juldimman rullar in \u00f6ver Kalmar"},"content":{"rendered":"<p><a href=\"http:\/\/www.mariaabrahamsson.nu\/wp-content\/uploads\/2011\/12\/Larmtorget-dan-f\u00f6re-dan1.jpeg\"><img loading=\"lazy\" decoding=\"async\" class=\"alignleft size-medium wp-image-6520\" title=\"Larmtorget dan f\u00f6re dan\" src=\"http:\/\/www.mariaabrahamsson.nu\/wp-content\/uploads\/2011\/12\/Larmtorget-dan-f\u00f6re-dan1-300x225.jpg\" alt=\"\" width=\"300\" height=\"225\" srcset=\"https:\/\/www.mariaabrahamsson.nu\/wp-content\/uploads\/2011\/12\/Larmtorget-dan-f\u00f6re-dan1-300x225.jpg 300w, https:\/\/www.mariaabrahamsson.nu\/wp-content\/uploads\/2011\/12\/Larmtorget-dan-f\u00f6re-dan1.jpeg 640w\" sizes=\"auto, (max-width: 300px) 100vw, 300px\" \/><\/a><strong>P\u00e5 plats i hemstaden<\/strong> f\u00f6r julfirande hos f\u00f6r\u00e4ldrarna p\u00e5 <a href=\"http:\/\/www.google.com\/imgres?q=tullsl\u00e4tten+kalmar&amp;hl=sv&amp;client=safari&amp;sa=X&amp;rls=en&amp;biw=1201&amp;bih=578&amp;tbm=isch&amp;prmd=imvns&amp;tbnid=LkQUUT5pnt2boM:&amp;imgrefurl=http:\/\/tomasrj.blogspot.com\/2010\/12\/tullslatten.html&amp;docid=UBIBGWeTOWUO_M&amp;itg=1&amp;imgurl=http:\/\/1.bp.blogspot.com\/_zORpqhq2l-E\/TPatB0eWYpI\/AAAAAAAAFUs\/bSGgyghBR_k\/s640\/IMG_3733.jpg&amp;w=640&amp;h=501&amp;ei=lZX0ToXlPKvU4QSprpiTCA&amp;zoom=1&amp;iact=hc&amp;vpx=644&amp;vpy=260&amp;dur=112&amp;hovh=199&amp;hovw=254&amp;tx=146&amp;ty=126&amp;sig=111110111668333476125&amp;page=1&amp;tbnh=124&amp;tbnw=158&amp;start=0&amp;ndsp=23&amp;ved=1t:429,r:11,s:0\">Tullsl\u00e4tten<\/a>. Som synes \u00e4r det ingen vit jul, i st\u00e4llet rullar dimman in fr\u00e5n Kalmarsund.<\/p>\n<p>Julen f\u00f6r min och makens del firas allts\u00e5 i en stad och ett l\u00e4n som det senaste dygnet har beg\u00e5vats med b\u00e5de med efterl\u00e4ngtad\u00a0<a href=\"http:\/\/sverigesradio.se\/sida\/artikel.aspx?programid=86&amp;artikel=4871615\">landsh\u00f6vding<\/a>\u00a0och ett sjus\u00e4rdeles\u00a0<a href=\"http:\/\/www.barometern.se\/nyheter\/kalmar\/kamprad-donerar-en-miljard-kronor-till-linneuniversitetet-(3085088).gm\">miljardregn <\/a>\u00f6ver <a href=\"http:\/\/lnu.se\/\">bygdens universitet.<\/a><\/p>\n<p><strong>S\u00e5 nog g\u00e5r<\/strong> kalmariterna en fr\u00f6jdefull jul till m\u00f6tes! Ja, \u00e5tminstone i j\u00e4mf\u00f6relse med <a href=\"http:\/\/www.nyteknik.se\/tidningen\/article3374167.ece\">trollh\u00e4ttingarna.<\/a><\/p>\n","protected":false},"excerpt":{"rendered":"<p>P\u00e5 plats i hemstaden f\u00f6r julfirande hos f\u00f6r\u00e4ldrarna p\u00e5 Tullsl\u00e4tten. Som synes \u00e4r det ingen vit jul, i st\u00e4llet rullar dimman in fr\u00e5n Kalmarsund. Julen f\u00f6r min och makens del firas allts\u00e5 i en stad och ett l\u00e4n som det senaste dygnet har beg\u00e5vats med b\u00e5de med efterl\u00e4ngtad\u00a0landsh\u00f6vding\u00a0och ett sjus\u00e4rdeles\u00a0miljardregn \u00f6ver bygdens universitet. S\u00e5 nog&hellip;<\/p>\n<p class=\"more-link-p\"><a class=\"more-link\" href=\"https:\/\/www.mariaabrahamsson.nu\/index.php\/2011\/12\/23\/juldimman-rullar-in-over-kalmar\/\">Read more &rarr;<\/a><\/p>\n","protected":false},"author":2,"featured_media":0,"comment_status":"open","ping_status":"open","sticky":false,"template":"","format":"standard","meta":{"footnotes":""},"categories":[1],"tags":[],"class_list":["post-6518","post","type-post","status-publish","format-standard","hentry","category-uncategorized"],"_links":{"self":[{"href":"https:\/\/www.mariaabrahamsson.nu\/index.php\/wp-json\/wp\/v2\/posts\/6518","targetHints":{"allow":["GET"]}}],"collection":[{"href":"https:\/\/www.mariaabrahamsson.nu\/index.php\/wp-json\/wp\/v2\/posts"}],"about":[{"href":"https:\/\/www.mariaabrahamsson.nu\/index.php\/wp-json\/wp\/v2\/types\/post"}],"author":[{"embeddable":true,"href":"https:\/\/www.mariaabrahamsson.nu\/index.php\/wp-json\/wp\/v2\/users\/2"}],"replies":[{"embeddable":true,"href":"https:\/\/www.mariaabrahamsson.nu\/index.php\/wp-json\/wp\/v2\/comments?post=6518"}],"version-history":[{"count":0,"href":"https:\/\/www.mariaabrahamsson.nu\/index.php\/wp-json\/wp\/v2\/posts\/6518\/revisions"}],"wp:attachment":[{"href":"https:\/\/www.mariaabrahamsson.nu\/index.php\/wp-json\/wp\/v2\/media?parent=6518"}],"wp:term":[{"taxonomy":"category","embeddable":true,"href":"https:\/\/www.mariaabrahamsson.nu\/index.php\/wp-json\/wp\/v2\/categories?post=6518"},{"taxonomy":"post_tag","embeddable":true,"href":"https:\/\/www.mariaabrahamsson.nu\/index.php\/wp-json\/wp\/v2\/tags?post=6518"}],"curies":[{"name":"wp","href":"https:\/\/api.w.org\/{rel}","templated":true}]}}