{"id":6472,"date":"2011-12-15T16:52:42","date_gmt":"2011-12-15T15:52:42","guid":{"rendered":"http:\/\/www.mariaabrahamsson.nu\/?p=6472"},"modified":"2011-12-15T17:00:26","modified_gmt":"2011-12-15T16:00:26","slug":"sa-gjorde-lennart-sig-pamind-igen","status":"publish","type":"post","link":"https:\/\/www.mariaabrahamsson.nu\/index.php\/2011\/12\/15\/sa-gjorde-lennart-sig-pamind-igen\/","title":{"rendered":"S\u00e5 gjorde Lennart sig p\u00e5mind &#8211; igen"},"content":{"rendered":"<p dir=\"ltr\"><strong>F\u00f6rsta g\u00e5ngen Lennart <\/strong>ringde avbr\u00f6t jag honom med att jag inte hade tid, vilket i och f\u00f6r sig var sant. Men Lennart gav sig inte. Andra g\u00e5ngen jag hade honom i luren upprepade han fr\u00e5gan:<\/p>\n<p dir=\"ltr\">Vad ans\u00e5g jag \u2013 som gick till val p\u00e5 att v\u00e4rna skyddet f\u00f6r den personliga integriteten \u2013 om att svenska domstolar offentligg\u00f6r namn p\u00e5 misst\u00e4nkta personer i samma \u00f6gonblick som domstolen beviljar dem en offentlig f\u00f6rsvarare? Den misst\u00e4nkte \u00e4r i det l\u00e4get just bara misst\u00e4nkt, och polisens brottsutredningar leder som bekant inte alltid till \u00e5tal utan l\u00e4ggs av olika anledningar ofta ner. I det fallet borde naturligtvis allm\u00e4nhetens intresse av att f\u00e5 reda p\u00e5 vem som har varit misst\u00e4nkt v\u00e4ga l\u00e4tt mot behovet av integritetsskydd f\u00f6r den som kanske p\u00e5 helt felaktig grund varit misst\u00e4nkt. \u00c4nd\u00e5 offentligg\u00f6rs allts\u00e5 hans eller hennes namn till allm\u00e4nt besk\u00e5dande.<\/p>\n<p dir=\"ltr\"><strong>Den juridiska f\u00f6rklaringen <\/strong>\u00e4r att en domstols beslut om att f\u00f6rordna en misst\u00e4nkt person en offentlig f\u00f6rsvarare inte anses tillh\u00f6ra brottsutredningen. Beslutet \u00e4r en allm\u00e4n handling som till skillnad fr\u00e5n den p\u00e5g\u00e5ende polisutredningen (f\u00f6runders\u00f6kning i brottm\u00e5l) inte omfattas av sekretess.<\/p>\n<p dir=\"ltr\">Lennart ifr\u00e5gasatte som sagt den ordningen och konfronterade mig \u00e4ven med att en misst\u00e4nkt person som har r\u00e5d att betala en advokat ur egen ficka slipper att h\u00e4ngas ut med namn redan under f\u00f6runders\u00f6kningsstadiet. Den som \u00e4r stadd vid kassa kan allts\u00e5 k\u00f6pa sig ett starkare integritetsskydd? \u00c4r det en rimlig ordning?<\/p>\n<p dir=\"ltr\"><strong>Jamen<\/strong>,\u00a0i det sista fallet har ju domstolen inte tagit n\u00e5got beslut om offentlig f\u00f6rsvarare?! Det finns\u00a0ingen handling som kan l\u00e4mnas ut, f\u00f6rs\u00f6kte jag f\u00f6rklara &#8230; och\u00a0h\u00f6rde sj\u00e4lv hur fyrkantig jag l\u00e4t.<\/p>\n<p dir=\"ltr\">Integritetsproblemet i dessa fall handlar inte om att det finns folk som har r\u00e5d att betala sin egen advokat. Nej, utan om n\u00e5got s\u00e5 grundl\u00e4ggande som att i en demokrati och r\u00e4ttsstat\u00a0ska staten behandla medborgarna med respekt och inte slentrianm\u00e4ssigt h\u00e4nga ut oskyldiga personer som misst\u00e4nkta brottslingar. D\u00e4r hade Lennart en po\u00e4ng, en stark s\u00e5dan.<\/p>\n<p dir=\"ltr\"><strong>En annan som f\u00e5ngar dilemmat\u00a0<\/strong>v\u00e4l \u00e4r professor <a href=\"http:\/\/martenschultz.wordpress.com\/\">M\u00e5rten Schultz<\/a>. Det var f\u00f6rresten n\u00e4r jag i veckan l\u00e4ste professorns\u00a0<a href=\"http:\/\/www.dn.se\/nyheter\/marten-schultz-ett-korn-av-sanning-finns-val-alltid-dar-typ\">kr\u00f6nika\u00a0<\/a>som Lennart gjorde sig p\u00e5mind \u2013 igen.<\/p>\n","protected":false},"excerpt":{"rendered":"<p>F\u00f6rsta g\u00e5ngen Lennart ringde avbr\u00f6t jag honom med att jag inte hade tid, vilket i och f\u00f6r sig var sant. Men Lennart gav sig inte. Andra g\u00e5ngen jag hade honom i luren upprepade han fr\u00e5gan: Vad ans\u00e5g jag \u2013 som gick till val p\u00e5 att v\u00e4rna skyddet f\u00f6r den personliga integriteten \u2013 om att svenska&hellip;<\/p>\n<p class=\"more-link-p\"><a class=\"more-link\" href=\"https:\/\/www.mariaabrahamsson.nu\/index.php\/2011\/12\/15\/sa-gjorde-lennart-sig-pamind-igen\/\">Read more &rarr;<\/a><\/p>\n","protected":false},"author":2,"featured_media":0,"comment_status":"open","ping_status":"open","sticky":false,"template":"","format":"standard","meta":{"footnotes":""},"categories":[1],"tags":[],"class_list":["post-6472","post","type-post","status-publish","format-standard","hentry","category-uncategorized"],"_links":{"self":[{"href":"https:\/\/www.mariaabrahamsson.nu\/index.php\/wp-json\/wp\/v2\/posts\/6472","targetHints":{"allow":["GET"]}}],"collection":[{"href":"https:\/\/www.mariaabrahamsson.nu\/index.php\/wp-json\/wp\/v2\/posts"}],"about":[{"href":"https:\/\/www.mariaabrahamsson.nu\/index.php\/wp-json\/wp\/v2\/types\/post"}],"author":[{"embeddable":true,"href":"https:\/\/www.mariaabrahamsson.nu\/index.php\/wp-json\/wp\/v2\/users\/2"}],"replies":[{"embeddable":true,"href":"https:\/\/www.mariaabrahamsson.nu\/index.php\/wp-json\/wp\/v2\/comments?post=6472"}],"version-history":[{"count":0,"href":"https:\/\/www.mariaabrahamsson.nu\/index.php\/wp-json\/wp\/v2\/posts\/6472\/revisions"}],"wp:attachment":[{"href":"https:\/\/www.mariaabrahamsson.nu\/index.php\/wp-json\/wp\/v2\/media?parent=6472"}],"wp:term":[{"taxonomy":"category","embeddable":true,"href":"https:\/\/www.mariaabrahamsson.nu\/index.php\/wp-json\/wp\/v2\/categories?post=6472"},{"taxonomy":"post_tag","embeddable":true,"href":"https:\/\/www.mariaabrahamsson.nu\/index.php\/wp-json\/wp\/v2\/tags?post=6472"}],"curies":[{"name":"wp","href":"https:\/\/api.w.org\/{rel}","templated":true}]}}