{"id":6401,"date":"2011-12-05T17:34:11","date_gmt":"2011-12-05T16:34:11","guid":{"rendered":"http:\/\/www.mariaabrahamsson.nu\/?p=6401"},"modified":"2011-12-05T22:28:45","modified_gmt":"2011-12-05T21:28:45","slug":"och-vinnare-av-stora-fackbokspriset-ar-svante-nordin","status":"publish","type":"post","link":"https:\/\/www.mariaabrahamsson.nu\/index.php\/2011\/12\/05\/och-vinnare-av-stora-fackbokspriset-ar-svante-nordin\/","title":{"rendered":"Och vinnare av Stora Fackbokspriset \u00e4r &#8230; Svante Nordin!"},"content":{"rendered":"<p><strong>Decemberm\u00e5ndag i riksdagshuset<\/strong>. \u00c4r tidigt p\u00e5 plats i tj\u00e4nsterummet, arbetsveckan som v\u00e4ntar \u00e4r mer \u00e4n hyggligt arbetstung. Det vill s\u00e4ga som det brukar vara, inte minst f\u00f6re jul.<\/p>\n<p>Jag avs\u00e4tter f\u00f6rmiddagen till att skriva en kr\u00f6nika som g\u00e5r i v\u00e4g vid lunchtid till pojkarna p\u00e5 <a href=\"http:\/\/st.nu\/opinion\">ST:s ledarredaktion<\/a>. Sedan i h\u00f6stas har jag haft f\u00f6rm\u00e5nen att d\u00e4r f\u00e5 vika ut mig om bland annat livet i riksdagen, det g\u00f6r jag \u00e4ven denna g\u00e5ng. Och det blir publicering redan i morgon! Jepp, jag lovar att l\u00e4nka.<\/p>\n<p>D\u00e4refter pinnade jag i v\u00e4g f\u00f6r att \u00e4ta lunch med v\u00e4ninnan, f\u00f6rfattaren och forna SvD-kollegan <a href=\"http:\/\/catharinaingelman-sundberg.com\/\">Catharina Ingelman-Sundberg.<\/a>\u00a0Hon hade en del att s\u00e4ga om den omdiskuterade detaljplanen f\u00f6r\u00a0<a href=\"http:\/\/www.dn.se\/sthlm\/resenarerna-ser-fram-emot-nya-slussen\">Slussen<\/a>. Om inte f\u00f6rr s\u00e5 f\u00f6rstod jag d\u00e5 po\u00e4ngen med att vara en lyssnande politiker &#8230;<\/p>\n<p><strong>Tillbaks till datorn<\/strong>\u00a0f\u00f6r att b\u00f6rja skissa p\u00e5 n\u00e5got djupsinnigt, oklart vad i skrivande stund. I morgon eftermiddag har jag sedan l\u00e4nge lovat att <a href=\"http:\/\/www.juridicum.su.se\/jurweb\/aktuellt\/visa.asp?newsid=1134&amp;lang=swe\">f\u00f6rel\u00e4sa<\/a> i allm\u00e4n r\u00e4ttsl\u00e4ra inf\u00f6r forskare och studenter p\u00e5 Juridicum, Stockholms universitet. Nej, jag begriper inte heller varf\u00f6r jag tackade ja till detta!<\/p>\n<p>F\u00f6r att stressa upp nerverna ytterligare ett par sn\u00e4pp pausade jag under eftermiddagen med att lite hipp som happ fila p\u00e5 mitt anf\u00f6rande inf\u00f6r onsdagens kammardebatt med anledning av <a href=\"http:\/\/www.riksdagen.se\/Webbnav\/index.aspx?nid=3120&amp;doktyp=betankande&amp;bet=2011\/12:KU1\">KU1.<\/a>\u00a0Gud m\u00e5 f\u00f6rl\u00e5ta men jag kan inte motst\u00e5 frestelsen att\u00a0f\u00f6rl\u00e4nga debatten om rikets styrelse med n\u00e5gra minuters klarg\u00f6rande om varf\u00f6r det \u00e4r <a href=\"http:\/\/www.dn.se\/debatt\/moderaterna-maste-sluta-morka-i-fragan-om-bidragen\">s\u00e5 angel\u00e4get <\/a>med en lagreglerad skyldighet f\u00f6r partierna att \u00f6ppet redovisa partibidrag.<\/p>\n<p><strong>Puh! Men nu ska<\/strong> jag i alla fall skynda ut i m\u00f6rkret f\u00f6r att n\u00e4rvara vid utdelningen av <a href=\"http:\/\/www.axess.se\/magasin\/\">AXESSmagasins<\/a> nyinstiftning, det vill s\u00e4ga\u00a0<a href=\"http:\/\/mobil.svt.se\/2.27170\/1.2575723\/fackbocker_nominerade_till_pris\">Stora Fackbokspriset<\/a>.<\/p>\n<p>Pristagare \u00e4r: <a href=\"http:\/\/www.corren.se\/kultur\/bocker\/?articleId=5866981\">Svante Nordin<\/a>. Grattis!<\/p>\n","protected":false},"excerpt":{"rendered":"<p>Decemberm\u00e5ndag i riksdagshuset. \u00c4r tidigt p\u00e5 plats i tj\u00e4nsterummet, arbetsveckan som v\u00e4ntar \u00e4r mer \u00e4n hyggligt arbetstung. Det vill s\u00e4ga som det brukar vara, inte minst f\u00f6re jul. Jag avs\u00e4tter f\u00f6rmiddagen till att skriva en kr\u00f6nika som g\u00e5r i v\u00e4g vid lunchtid till pojkarna p\u00e5 ST:s ledarredaktion. Sedan i h\u00f6stas har jag haft f\u00f6rm\u00e5nen att&hellip;<\/p>\n<p class=\"more-link-p\"><a class=\"more-link\" href=\"https:\/\/www.mariaabrahamsson.nu\/index.php\/2011\/12\/05\/och-vinnare-av-stora-fackbokspriset-ar-svante-nordin\/\">Read more &rarr;<\/a><\/p>\n","protected":false},"author":2,"featured_media":0,"comment_status":"open","ping_status":"open","sticky":false,"template":"","format":"standard","meta":{"footnotes":""},"categories":[1],"tags":[],"class_list":["post-6401","post","type-post","status-publish","format-standard","hentry","category-uncategorized"],"_links":{"self":[{"href":"https:\/\/www.mariaabrahamsson.nu\/index.php\/wp-json\/wp\/v2\/posts\/6401","targetHints":{"allow":["GET"]}}],"collection":[{"href":"https:\/\/www.mariaabrahamsson.nu\/index.php\/wp-json\/wp\/v2\/posts"}],"about":[{"href":"https:\/\/www.mariaabrahamsson.nu\/index.php\/wp-json\/wp\/v2\/types\/post"}],"author":[{"embeddable":true,"href":"https:\/\/www.mariaabrahamsson.nu\/index.php\/wp-json\/wp\/v2\/users\/2"}],"replies":[{"embeddable":true,"href":"https:\/\/www.mariaabrahamsson.nu\/index.php\/wp-json\/wp\/v2\/comments?post=6401"}],"version-history":[{"count":0,"href":"https:\/\/www.mariaabrahamsson.nu\/index.php\/wp-json\/wp\/v2\/posts\/6401\/revisions"}],"wp:attachment":[{"href":"https:\/\/www.mariaabrahamsson.nu\/index.php\/wp-json\/wp\/v2\/media?parent=6401"}],"wp:term":[{"taxonomy":"category","embeddable":true,"href":"https:\/\/www.mariaabrahamsson.nu\/index.php\/wp-json\/wp\/v2\/categories?post=6401"},{"taxonomy":"post_tag","embeddable":true,"href":"https:\/\/www.mariaabrahamsson.nu\/index.php\/wp-json\/wp\/v2\/tags?post=6401"}],"curies":[{"name":"wp","href":"https:\/\/api.w.org\/{rel}","templated":true}]}}