{"id":635,"date":"2009-11-30T11:34:26","date_gmt":"2009-11-30T11:34:26","guid":{"rendered":"http:\/\/www.mariaabrahamsson.nu\/?p=635"},"modified":"2009-12-18T17:14:51","modified_gmt":"2009-12-18T17:14:51","slug":"pressa-akesson-om-minaretomrostningen","status":"publish","type":"post","link":"https:\/\/www.mariaabrahamsson.nu\/index.php\/2009\/11\/30\/pressa-akesson-om-minaretomrostningen\/","title":{"rendered":"Pressa \u00c5kesson om minaretomr\u00f6stningen"},"content":{"rendered":"<p><strong>Till in- och utl\u00e4ndsk politisk<\/strong> f\u00f6rbittring har det <a href=\"http:\/\/aftonbladet.se\/webbtv\/nyheter\/utrikes\/article6208366.ab\" target=\"_blank\">schweiziska folket <\/a>r\u00f6stat ja till byggnadsf\u00f6rbud mot minareter. I Sverige \u00e4r detta en icke-fr\u00e5ga men lika fullt en h\u00e4ndelse som har f\u00f6ranlett Mediesverige att g\u00f6ra ett avsteg fr\u00e5n normala journalistiska principer.<\/p>\n<p><strong>F\u00f6r vad hade <\/strong>varit mer naturligt med tanke p\u00e5 Sverigedemokraternas sving i opinionsm\u00e4tningarna \u00e4n att l\u00e5ta SD:s Jimmie \u00c5kesson f\u00e5 visa korten och kommentera folkomr\u00f6stningsresultatet? En intervju som naturligtvis skulle ha f\u00f6ljts upp med kommentarer fr\u00e5n \u00f6vriga partiledare och analyser av folkr\u00e4ttsjurister, statsvetare och andra experter p\u00e5 m\u00e4nskliga fri- och r\u00e4ttigheter, som religionsfriheten.<\/p>\n<p><strong>D\u00e5 hade man<\/strong> ocks\u00e5 f\u00e5tt ett gyllene tillf\u00e4lle att diskutera den viktiga fr\u00e5gan om demokratins begr\u00e4nsningar och uttrycksformer, d\u00e4ribland folkomr\u00f6stningsinstitutets vara eller icke vara. Men s\u00e5 icke.<\/p>\n","protected":false},"excerpt":{"rendered":"<p>Till in- och utl\u00e4ndsk politisk f\u00f6rbittring har det schweiziska folket r\u00f6stat ja till byggnadsf\u00f6rbud mot minareter. I Sverige \u00e4r detta en icke-fr\u00e5ga men lika fullt en h\u00e4ndelse som har f\u00f6ranlett Mediesverige att g\u00f6ra ett avsteg fr\u00e5n normala journalistiska principer. F\u00f6r vad hade varit mer naturligt med tanke p\u00e5 Sverigedemokraternas sving i opinionsm\u00e4tningarna \u00e4n att l\u00e5ta&hellip;<\/p>\n<p class=\"more-link-p\"><a class=\"more-link\" href=\"https:\/\/www.mariaabrahamsson.nu\/index.php\/2009\/11\/30\/pressa-akesson-om-minaretomrostningen\/\">Read more &rarr;<\/a><\/p>\n","protected":false},"author":2,"featured_media":0,"comment_status":"closed","ping_status":"open","sticky":false,"template":"","format":"standard","meta":{"footnotes":""},"categories":[1],"tags":[],"class_list":["post-635","post","type-post","status-publish","format-standard","hentry","category-uncategorized"],"_links":{"self":[{"href":"https:\/\/www.mariaabrahamsson.nu\/index.php\/wp-json\/wp\/v2\/posts\/635","targetHints":{"allow":["GET"]}}],"collection":[{"href":"https:\/\/www.mariaabrahamsson.nu\/index.php\/wp-json\/wp\/v2\/posts"}],"about":[{"href":"https:\/\/www.mariaabrahamsson.nu\/index.php\/wp-json\/wp\/v2\/types\/post"}],"author":[{"embeddable":true,"href":"https:\/\/www.mariaabrahamsson.nu\/index.php\/wp-json\/wp\/v2\/users\/2"}],"replies":[{"embeddable":true,"href":"https:\/\/www.mariaabrahamsson.nu\/index.php\/wp-json\/wp\/v2\/comments?post=635"}],"version-history":[{"count":0,"href":"https:\/\/www.mariaabrahamsson.nu\/index.php\/wp-json\/wp\/v2\/posts\/635\/revisions"}],"wp:attachment":[{"href":"https:\/\/www.mariaabrahamsson.nu\/index.php\/wp-json\/wp\/v2\/media?parent=635"}],"wp:term":[{"taxonomy":"category","embeddable":true,"href":"https:\/\/www.mariaabrahamsson.nu\/index.php\/wp-json\/wp\/v2\/categories?post=635"},{"taxonomy":"post_tag","embeddable":true,"href":"https:\/\/www.mariaabrahamsson.nu\/index.php\/wp-json\/wp\/v2\/tags?post=635"}],"curies":[{"name":"wp","href":"https:\/\/api.w.org\/{rel}","templated":true}]}}