{"id":633,"date":"2009-11-30T09:04:25","date_gmt":"2009-11-30T09:04:25","guid":{"rendered":"http:\/\/www.mariaabrahamsson.nu\/?p=633"},"modified":"2009-12-18T17:15:36","modified_gmt":"2009-12-18T17:15:36","slug":"statens-chans-att-gottgora-lakarna","status":"publish","type":"post","link":"https:\/\/www.mariaabrahamsson.nu\/index.php\/2009\/11\/30\/statens-chans-att-gottgora-lakarna\/","title":{"rendered":"Statens chans att gottg\u00f6ra l\u00e4karna"},"content":{"rendered":"<p><strong>F\u00f6r \u00f6ver ett kvarts<\/strong> sekel sedan friades &#8221;allm\u00e4nl\u00e4karen och obducenten&#8221; fr\u00e5n mordmisstankarna i den s\u00e5 kallade Styckmordsr\u00e4tteg\u00e5ngen. En seger f\u00f6r r\u00e4ttsstaten kan tyckas. <a href=\"http:\/\/www.svd.se\/opinion\/ledarsidan\/artikel_439553.svd\">Lika fullt<\/a> slogs de tv\u00e5 m\u00e4nnens yrkeskarri\u00e4rer i spillror. N\u00e5gon chans att leva ett normalt liv har de aldrig f\u00e5tt trots den friande domen.<\/p>\n<p>Detta i och med att de fr\u00e5ntogs sina l\u00e4karlegitimationer sedan en domstol sl\u00e4ngt ur sig att m\u00e4nnen hade styckat den prostituerade Catrine da Costa. N\u00e5gon juridisk relevans hade fr\u00e5gan inte, den var inte f\u00f6rem\u00e5l f\u00f6r pr\u00f6vning i m\u00e5let och d\u00e4rf\u00f6r kunde m\u00e4nnen inte heller f\u00f6rsvara sig mot den fruktansv\u00e4rda anklagelsen. Styckmordsbeskyllningen kunde inte ens \u00f6verklagas eftersom m\u00e4nnen hade friats fr\u00e5n det saken g\u00e4llde, n\u00e4mligen mordmisstankarna. S\u00e5 mycket n\u00e4rmare en Kafkprocess \u00e4r det sv\u00e5rt att komma.<\/p>\n<p><strong>Men i dag inleds skadest\u00e5ndsr\u00e4tteg\u00e5ngen<\/strong> mot svenska staten \u00a0i Attunda tingsr\u00e4tt.\u00a0Det \u00e4r m\u00f6jligt att m\u00e4nnens krav p\u00e5<a href=\"http:\/\/www.svd.se\/opinion\/ledarsidan\/artikel_744427.svd\"> fyrtio miljoner kronor <\/a>i skadest\u00e5nd f\u00f6r f\u00f6rlorad arbetsinkomst \u00e4r orealistiskt stort. \u00c5 andra sidan kan ingen som har f\u00f6rdjupat sig i turerna i det h\u00e4r fallet dra n\u00e5gon annan slutsats \u00e4n att dessa medborgare har blivit utsatta f\u00f6r ett ohyggligt r\u00e4tts\u00f6vergrepp. Nu har staten m\u00f6jlighet att gottg\u00f6ra detta. Sumpa inte den chansen!<\/p>\n","protected":false},"excerpt":{"rendered":"<p>F\u00f6r \u00f6ver ett kvarts sekel sedan friades &#8221;allm\u00e4nl\u00e4karen och obducenten&#8221; fr\u00e5n mordmisstankarna i den s\u00e5 kallade Styckmordsr\u00e4tteg\u00e5ngen. En seger f\u00f6r r\u00e4ttsstaten kan tyckas. Lika fullt slogs de tv\u00e5 m\u00e4nnens yrkeskarri\u00e4rer i spillror. N\u00e5gon chans att leva ett normalt liv har de aldrig f\u00e5tt trots den friande domen. Detta i och med att de fr\u00e5ntogs sina&hellip;<\/p>\n<p class=\"more-link-p\"><a class=\"more-link\" href=\"https:\/\/www.mariaabrahamsson.nu\/index.php\/2009\/11\/30\/statens-chans-att-gottgora-lakarna\/\">Read more &rarr;<\/a><\/p>\n","protected":false},"author":2,"featured_media":0,"comment_status":"closed","ping_status":"open","sticky":false,"template":"","format":"standard","meta":{"footnotes":""},"categories":[1],"tags":[],"class_list":["post-633","post","type-post","status-publish","format-standard","hentry","category-uncategorized"],"_links":{"self":[{"href":"https:\/\/www.mariaabrahamsson.nu\/index.php\/wp-json\/wp\/v2\/posts\/633","targetHints":{"allow":["GET"]}}],"collection":[{"href":"https:\/\/www.mariaabrahamsson.nu\/index.php\/wp-json\/wp\/v2\/posts"}],"about":[{"href":"https:\/\/www.mariaabrahamsson.nu\/index.php\/wp-json\/wp\/v2\/types\/post"}],"author":[{"embeddable":true,"href":"https:\/\/www.mariaabrahamsson.nu\/index.php\/wp-json\/wp\/v2\/users\/2"}],"replies":[{"embeddable":true,"href":"https:\/\/www.mariaabrahamsson.nu\/index.php\/wp-json\/wp\/v2\/comments?post=633"}],"version-history":[{"count":0,"href":"https:\/\/www.mariaabrahamsson.nu\/index.php\/wp-json\/wp\/v2\/posts\/633\/revisions"}],"wp:attachment":[{"href":"https:\/\/www.mariaabrahamsson.nu\/index.php\/wp-json\/wp\/v2\/media?parent=633"}],"wp:term":[{"taxonomy":"category","embeddable":true,"href":"https:\/\/www.mariaabrahamsson.nu\/index.php\/wp-json\/wp\/v2\/categories?post=633"},{"taxonomy":"post_tag","embeddable":true,"href":"https:\/\/www.mariaabrahamsson.nu\/index.php\/wp-json\/wp\/v2\/tags?post=633"}],"curies":[{"name":"wp","href":"https:\/\/api.w.org\/{rel}","templated":true}]}}