{"id":6223,"date":"2011-11-17T22:13:28","date_gmt":"2011-11-17T21:13:28","guid":{"rendered":"http:\/\/www.mariaabrahamsson.nu\/?p=6223"},"modified":"2011-11-21T20:50:04","modified_gmt":"2011-11-21T19:50:04","slug":"nu-ser-jag-hakan-juholt-ar-sveriges-silvio-berlusconi","status":"publish","type":"post","link":"https:\/\/www.mariaabrahamsson.nu\/index.php\/2011\/11\/17\/nu-ser-jag-hakan-juholt-ar-sveriges-silvio-berlusconi\/","title":{"rendered":"Nu ser jag &#8211; H\u00e5kan Juholt \u00e4r Sveriges Silvio Berlusconi"},"content":{"rendered":"<p><strong>Det \u00e4r en professorsregering<\/strong> som beh\u00f6vs just nu! Jag kom in mitt i P1 Morgon n\u00e4r socialdemokraten Pierre Schori\u00a0<a href=\"http:\/\/sverigesradio.se\/sida\/play.aspx?ljud=3583410\">uttalade<\/a>\u00a0de orden\u00a0i morse.<\/p>\n<p>N\u00e4men, v\u00e5gar han tala s\u00e5 \u00f6ppet kritiskt om sitt eget parti t\u00e4nkte jag uppriktigt imponerad. Men nej, Schori var inringd f\u00f6r att kommentera Italiens nya regering d\u00e4r expertministrarna sitter p\u00e5 rad med experternas expert, Supermario Monti som premi\u00e4r- och finansminister.<\/p>\n<p><strong>Jag spetsade \u00f6ronen, <\/strong>och tyckte mig h\u00f6ra att Pierre Schori faktiskt menade att den nya italienska regeringens m\u00e5nga experter och professorer, som borgar f\u00f6r tung ekonomisk sakkunskap, var helt avg\u00f6rande f\u00f6r om man skulle lyckas reparera skadorna efter den demokratiskt legitimerade Silvio Berlusconis h\u00e4rjningar och d\u00e4rmed ocks\u00e5 avg\u00f6rande f\u00f6r att \u00e5teruppr\u00e4tta omv\u00e4rldens f\u00f6rtroende f\u00f6r Italien.<\/p>\n<p>Fast \u00e4r jag ensam om att misst\u00e4nka att Schori lika v\u00e4l kunde ha haft sitt eget partis prek\u00e4ra situation i tankarna?<\/p>\n<p><strong>Undrar f\u00f6rresten<\/strong> vad Olof Palmel\u00e4rljungen Pierre Schori (73) t\u00e4nker om att en s\u00e5dan gr\u00f6ng\u00f6ling som f\u00f6re detta SSU-ordf\u00f6randen <a href=\"http:\/\/wwwc.aftonbladet.se\/nyheter\/9811\/12\/social.html\">Lars Engqvist<\/a> (66) i dag har <a href=\"http:\/\/www.expressen.se\/nyheter\/1.2625314\/lars-engqvist-ska-bli-juholts-raddare\">utsetts<\/a> av H\u00e5kan Juholt (49) att leda arbetet med att utveckla sossarnas framtidspolitik?<\/p>\n<p>&nbsp;<\/p>\n<p>&nbsp;<\/p>\n<p>&nbsp;<\/p>\n","protected":false},"excerpt":{"rendered":"<p>Det \u00e4r en professorsregering som beh\u00f6vs just nu! Jag kom in mitt i P1 Morgon n\u00e4r socialdemokraten Pierre Schori\u00a0uttalade\u00a0de orden\u00a0i morse. N\u00e4men, v\u00e5gar han tala s\u00e5 \u00f6ppet kritiskt om sitt eget parti t\u00e4nkte jag uppriktigt imponerad. Men nej, Schori var inringd f\u00f6r att kommentera Italiens nya regering d\u00e4r expertministrarna sitter p\u00e5 rad med experternas expert,&hellip;<\/p>\n<p class=\"more-link-p\"><a class=\"more-link\" href=\"https:\/\/www.mariaabrahamsson.nu\/index.php\/2011\/11\/17\/nu-ser-jag-hakan-juholt-ar-sveriges-silvio-berlusconi\/\">Read more &rarr;<\/a><\/p>\n","protected":false},"author":2,"featured_media":0,"comment_status":"open","ping_status":"open","sticky":false,"template":"","format":"standard","meta":{"footnotes":""},"categories":[1],"tags":[],"class_list":["post-6223","post","type-post","status-publish","format-standard","hentry","category-uncategorized"],"_links":{"self":[{"href":"https:\/\/www.mariaabrahamsson.nu\/index.php\/wp-json\/wp\/v2\/posts\/6223","targetHints":{"allow":["GET"]}}],"collection":[{"href":"https:\/\/www.mariaabrahamsson.nu\/index.php\/wp-json\/wp\/v2\/posts"}],"about":[{"href":"https:\/\/www.mariaabrahamsson.nu\/index.php\/wp-json\/wp\/v2\/types\/post"}],"author":[{"embeddable":true,"href":"https:\/\/www.mariaabrahamsson.nu\/index.php\/wp-json\/wp\/v2\/users\/2"}],"replies":[{"embeddable":true,"href":"https:\/\/www.mariaabrahamsson.nu\/index.php\/wp-json\/wp\/v2\/comments?post=6223"}],"version-history":[{"count":0,"href":"https:\/\/www.mariaabrahamsson.nu\/index.php\/wp-json\/wp\/v2\/posts\/6223\/revisions"}],"wp:attachment":[{"href":"https:\/\/www.mariaabrahamsson.nu\/index.php\/wp-json\/wp\/v2\/media?parent=6223"}],"wp:term":[{"taxonomy":"category","embeddable":true,"href":"https:\/\/www.mariaabrahamsson.nu\/index.php\/wp-json\/wp\/v2\/categories?post=6223"},{"taxonomy":"post_tag","embeddable":true,"href":"https:\/\/www.mariaabrahamsson.nu\/index.php\/wp-json\/wp\/v2\/tags?post=6223"}],"curies":[{"name":"wp","href":"https:\/\/api.w.org\/{rel}","templated":true}]}}