{"id":6219,"date":"2011-11-17T00:45:31","date_gmt":"2011-11-16T23:45:31","guid":{"rendered":"http:\/\/www.mariaabrahamsson.nu\/?p=6219"},"modified":"2011-11-21T20:50:13","modified_gmt":"2011-11-21T19:50:13","slug":"jonas-gardell-trangde-sig-in-bland-svea-hovratts-domarseniorer","status":"publish","type":"post","link":"https:\/\/www.mariaabrahamsson.nu\/index.php\/2011\/11\/17\/jonas-gardell-trangde-sig-in-bland-svea-hovratts-domarseniorer\/","title":{"rendered":"Gardell tr\u00e4ngde sig in bland Svea Hovr\u00e4tts domarseniorer"},"content":{"rendered":"<p><strong>&#8211; Jag har en resningsans\u00f6kan<\/strong> p\u00e5 g\u00e5ng, avslutade han innan t\u00e5get mot Farsta bromsade in p\u00e5 tunnelbaneperrongen i Gamla stan. H\u00e5ll mig underr\u00e4ttad, svarade jag innan vi skildes.\u00a0Och jag blev s\u00e5 d\u00e4r bl\u00f6digt r\u00f6rd som jag numera blir av \u00e4ldre m\u00e4nniskor som griper tag i hj\u00e4rtat, och det gjorde den h\u00e4r farbrorn, 92 \u00e5r fyllda.<\/p>\n<p>Vi tr\u00e4ffades hos f\u00f6reningen Svea Hovr\u00e4tts domarseniorer dit\u00a0jag var <a href=\"http:\/\/sv.wikipedia.org\/wiki\/Schering_Rosenhanes_palats\">inbjuden i kv\u00e4ll <\/a>f\u00f6r att tala om resan fr\u00e5n journalistiken till\u00a0politiken.<\/p>\n<p><strong>Efter minst 100-talet<\/strong>\u00a0framf\u00f6randen p\u00e5 det temat har jag sj\u00e4lv s\u00e5 sm\u00e5tt b\u00f6rjat tr\u00f6ttna. Men s\u00e5 l\u00e4nge som det finns partikompisar, f\u00f6reningar och s\u00e4llskap som fortfarande undrar hur det egentligen kom sig att jag frivilligt l\u00e4mnade den perfekta mediala plattformen p\u00e5 Svenskans ledarsida f\u00f6r partipolitiken, s\u00e5 l\u00e4nge bed\u00f6mer jag det som v\u00e4rdefull reklam f\u00f6r partiet att jag f\u00f6rklarar varf\u00f6r jag tog steget.<\/p>\n<p>Och f\u00f6rklarade gjorde jag allts\u00e5 i kv\u00e4ll inf\u00f6r ett 40-tal seniora Svea Hovr\u00e4ttsdomare, varav majoriteten nog ocks\u00e5 l\u00e4ser <a href=\"http:\/\/www.svd.se\/\">SvD<\/a>.<\/p>\n<p><strong>Hemkommen l\u00e4ser jag<\/strong>\u00a0sj\u00e4lv Expressen. Uppr\u00f6rd \u00e4r inte ordet, men pulsen stiger onekligen n\u00e5gra sn\u00e4pp av Jonas Gardells utfall mot regeringen p\u00e5 tidningens <a href=\"http:\/\/www.expressen.se\/kultur\/1.2623645\/vad-vager-en-kissbloja\">kultursida<\/a>. Okej,\u00a0Gardell \u00e4r en kulturpersonlighet, inte bara genom att axla manteln som socialdemokratisk riksb\u00f6g. Han har skrivit bra b\u00f6cker ocks\u00e5. Jag har l\u00e4st med stor beh\u00e5llning. Just d\u00e4rf\u00f6r blir jag besviken n\u00e4r Gardell lydigt som p\u00e5 best\u00e4llning av <a href=\"http:\/\/www.expressen.se\/nyheter\/1.2624149\/hakan-juholts-miss-far-mothugg-av-skolverket\">S-ledaren<\/a> klumpar ihop alliansregeringen och borgerliga v\u00e4ljare med nedkissade bl\u00f6jor och vanv\u00e5rd av \u00e4ldre.<\/p>\n<p>Jag citerar ur Gardells artikel:\u00a0&#8221;Naturligtvis \u00e4r det s\u00e5 att varje tr\u00e4d \u00e4r ett enskilt tr\u00e4d, men tillsammans bildar de faktiskt en skog&#8221;?<\/p>\n<p><strong>Och Gardell<\/strong> <a href=\"http:\/\/www.youtube.com\/watch?v=vq3NJfxN2hM\">sj\u00e4lv<\/a>\u00a0k\u00e4nner sig bekv\u00e4m med att vara ett tr\u00e4d bland alla andra i skogen?<\/p>\n<p>&nbsp;<\/p>\n<p>&nbsp;<\/p>\n","protected":false},"excerpt":{"rendered":"<p>&#8211; Jag har en resningsans\u00f6kan p\u00e5 g\u00e5ng, avslutade han innan t\u00e5get mot Farsta bromsade in p\u00e5 tunnelbaneperrongen i Gamla stan. H\u00e5ll mig underr\u00e4ttad, svarade jag innan vi skildes.\u00a0Och jag blev s\u00e5 d\u00e4r bl\u00f6digt r\u00f6rd som jag numera blir av \u00e4ldre m\u00e4nniskor som griper tag i hj\u00e4rtat, och det gjorde den h\u00e4r farbrorn, 92 \u00e5r fyllda.&hellip;<\/p>\n<p class=\"more-link-p\"><a class=\"more-link\" href=\"https:\/\/www.mariaabrahamsson.nu\/index.php\/2011\/11\/17\/jonas-gardell-trangde-sig-in-bland-svea-hovratts-domarseniorer\/\">Read more &rarr;<\/a><\/p>\n","protected":false},"author":2,"featured_media":0,"comment_status":"open","ping_status":"open","sticky":false,"template":"","format":"standard","meta":{"footnotes":""},"categories":[1],"tags":[],"class_list":["post-6219","post","type-post","status-publish","format-standard","hentry","category-uncategorized"],"_links":{"self":[{"href":"https:\/\/www.mariaabrahamsson.nu\/index.php\/wp-json\/wp\/v2\/posts\/6219","targetHints":{"allow":["GET"]}}],"collection":[{"href":"https:\/\/www.mariaabrahamsson.nu\/index.php\/wp-json\/wp\/v2\/posts"}],"about":[{"href":"https:\/\/www.mariaabrahamsson.nu\/index.php\/wp-json\/wp\/v2\/types\/post"}],"author":[{"embeddable":true,"href":"https:\/\/www.mariaabrahamsson.nu\/index.php\/wp-json\/wp\/v2\/users\/2"}],"replies":[{"embeddable":true,"href":"https:\/\/www.mariaabrahamsson.nu\/index.php\/wp-json\/wp\/v2\/comments?post=6219"}],"version-history":[{"count":0,"href":"https:\/\/www.mariaabrahamsson.nu\/index.php\/wp-json\/wp\/v2\/posts\/6219\/revisions"}],"wp:attachment":[{"href":"https:\/\/www.mariaabrahamsson.nu\/index.php\/wp-json\/wp\/v2\/media?parent=6219"}],"wp:term":[{"taxonomy":"category","embeddable":true,"href":"https:\/\/www.mariaabrahamsson.nu\/index.php\/wp-json\/wp\/v2\/categories?post=6219"},{"taxonomy":"post_tag","embeddable":true,"href":"https:\/\/www.mariaabrahamsson.nu\/index.php\/wp-json\/wp\/v2\/tags?post=6219"}],"curies":[{"name":"wp","href":"https:\/\/api.w.org\/{rel}","templated":true}]}}