{"id":6134,"date":"2011-11-07T00:07:22","date_gmt":"2011-11-06T23:07:22","guid":{"rendered":"http:\/\/www.mariaabrahamsson.nu\/?p=6134"},"modified":"2011-11-07T00:20:16","modified_gmt":"2011-11-06T23:20:16","slug":"drillad-av-skatteverket-later-val-nymoderat","status":"publish","type":"post","link":"https:\/\/www.mariaabrahamsson.nu\/index.php\/2011\/11\/07\/drillad-av-skatteverket-later-val-nymoderat\/","title":{"rendered":"Drillad av Skatteverket l\u00e5ter v\u00e4l nymoderat?"},"content":{"rendered":"<p><strong><a href=\"http:\/\/www.mariaabrahamsson.nu\/wp-content\/uploads\/2011\/11\/P\u00e5-v\u00e4g1.jpeg\"><img loading=\"lazy\" decoding=\"async\" class=\"alignleft size-medium wp-image-6163\" title=\"P\u00e5 v\u00e4g!\" src=\"http:\/\/www.mariaabrahamsson.nu\/wp-content\/uploads\/2011\/11\/P\u00e5-v\u00e4g1-225x300.jpg\" alt=\"\" width=\"225\" height=\"300\" srcset=\"https:\/\/www.mariaabrahamsson.nu\/wp-content\/uploads\/2011\/11\/P\u00e5-v\u00e4g1-225x300.jpg 225w, https:\/\/www.mariaabrahamsson.nu\/wp-content\/uploads\/2011\/11\/P\u00e5-v\u00e4g1.jpeg 480w\" sizes=\"auto, (max-width: 225px) 100vw, 225px\" \/><\/a>\u00c5ter i staden <\/strong>efter ett par dagars Kalmarvistelse\u00a0d\u00e4r den plenifria veckan slutade \u00f6ver\u00a0<a href=\"http:\/\/www.mariaabrahamsson.nu\/index.php\/2011\/10\/29\/pausar-pa-sandhamn-infor-plenifria-veckan\/\">f\u00f6rv\u00e4ntan<\/a>. F\u00f6r oj vad m\u00e5nga nya v\u00e4ljarkontakter jag har knutit ombord p\u00e5 Kustpilen (bilden), p\u00e5 kaf\u00e9er och p\u00e5 g\u00e5gatorna i den forna barndomsstaden.<\/p>\n<p>Skrytvarning, men jag hann inte sl\u00e5 mig ner vid bardisken i stadens nya innovation &#8211;\u00a0<a href=\"http:\/\/bremersons.se\/\">saluhallen<\/a> i gamla Posten\u00a0&#8211; f\u00f6rr\u00e4n snubben uppflugen p\u00e5 barstolen bredvid b\u00f6rjade korsf\u00f6rh\u00f6ra mig om &#8230; <a href=\"http:\/\/www.demoskop.se\/?id=1636\">H\u00e5kan Juholt<\/a>. Kommentarer \u00f6verfl\u00f6diga.<\/p>\n<p><strong>Studiebes\u00f6ken<\/strong> i veckan p\u00e5 Skatteverkets kontor i V\u00e4stervik och Kalmar har gett mig som ny\u00a0<a href=\"http:\/\/www.riksdagen.se\/webbnav\/index.aspx?nid=1111&amp;iid=0695090885212\">ledamot av\u00a0Skatteutskottet<\/a> starka intryck.<\/p>\n<p>En fullkomlig nyhet g\u00e4llde till exempel pappersdeklarationer d\u00e4r skattskyldiga med sina namnunderskrifter godk\u00e4nner p\u00e5f\u00f6rda deklarationsuppgifter, och som sedan g\u00e5r i retur till skattekontoren. Visste ni &#8211; jag visste det allts\u00e5 inte &#8211; att kontrollen och arkivhanteringen av dessa okomplicerade deklarationer kostar Skatteverket 12 kronor per styck! Min egen deklaration ing\u00e5r i gruppen, som utg\u00f6r cirka 50-60 procent av alla deklarationer som l\u00e4mnas in.<\/p>\n<p><strong>Nej, man beh\u00f6ver inte <\/strong>vara\u00a0ledamot av Skatteutskottet\u00a0f\u00f6r att begripa att medborgarnas slantar kan anv\u00e4ndas v\u00e4ldigt mycket effektivare i jakten p\u00e5 medvetet eller omedvetet f\u00f6rsnillade skattekronor\u00a0\u00e4n att sl\u00f6sas p\u00e5 &#8221;kontroll&#8221; av deklarationer d\u00e4r Skatteverket och den skattskyldiga \u00e4r helt \u00f6verens om att deklarationsuppgifterna\u00a0\u00e4r i sin ordning.<\/p>\n<p>Skattmasarnas medskick till mig och Skatteutskottet &#8211; f\u00f6r vidarebefordran till finansministern, gissar jag &#8211; \u00a0var s\u00e5lunda en \u00f6nskan om en f\u00f6renkling d\u00e4r skattskyldiga som godk\u00e4nner de f\u00f6rtryckta siffrorna i\u00a0deklarationen slipper att besv\u00e4ra skattekontoret \u00f6ver huvud taget. I mina \u00f6ron l\u00e5ter det som en h\u00f6gst rimlig ordning. Och jag &#8221;tar med mig&#8221; (som jag har l\u00e4rt mig s\u00e4ga) \u00f6vriga synpunkter fr\u00e5n Kalmars skattefolk ocks\u00e5!<\/p>\n<p><a href=\"http:\/\/www.mariaabrahamsson.nu\/wp-content\/uploads\/2011\/11\/I-arkivet.jpeg\"><img loading=\"lazy\" decoding=\"async\" class=\"alignleft size-medium wp-image-6160\" title=\"I arkivet\" src=\"http:\/\/www.mariaabrahamsson.nu\/wp-content\/uploads\/2011\/11\/I-arkivet-223x300.jpg\" alt=\"\" width=\"223\" height=\"300\" srcset=\"https:\/\/www.mariaabrahamsson.nu\/wp-content\/uploads\/2011\/11\/I-arkivet-223x300.jpg 223w, https:\/\/www.mariaabrahamsson.nu\/wp-content\/uploads\/2011\/11\/I-arkivet.jpeg 358w\" sizes=\"auto, (max-width: 223px) 100vw, 223px\" \/><\/a><\/p>\n<p><strong>Vid onsdagens <\/strong>bes\u00f6k hos <a href=\"http:\/\/www.skatteverket.se\/omskatteverket\/press\/pressmeddelanden\/riks\/2011\/2011\/sistachansenforforetagattskickainrotansokningarfor2010.5.400023ac12df56d65d980009660.html\">Skattekontoret i V\u00e4stervik<\/a> drillades jag i hanteringen av RUT och ROT, s\u00e5 kallade <a href=\"http:\/\/www.skatteverket.se\/skatter\/husarbetenrot.4.2e56d4ba1202f95012080002966.html\">HUS-tj\u00e4nster<\/a>.\u00a0Den administrativa hanteringen l\u00e4mnar en del \u00f6vrigt att \u00f6nska f\u00f6rstod jag av de entusiastiska tj\u00e4nstem\u00e4nnens f\u00f6redragning.<\/p>\n<p>Bilden intill s\u00e4ger en del. Jag lutar mig mot ett arkiv, varje vit p\u00e4rmrygg rymmer 200 ans\u00f6kningar om beg\u00e4ran att f\u00e5 utbetalning f\u00f6r utf\u00f6rt RUT- eller ROT-jobb. Varje dag registreras 2 500 \u00e4renden, p\u00e5 kontoret i V\u00e4stervik.<\/p>\n<p><strong>En hylla fr\u00e5n golv <\/strong>till tak sv\u00e4ljer en veckas inkomna \u00e4renden. Och nu b\u00f6rjar det bli tr\u00e5ngt i arkiven hos Skattekontoret i V\u00e4stervik.<\/p>\n<p>F\u00f6r att inte tala om alla on\u00f6diga fel som m\u00e5ste korrigeras n\u00e4r uppgifter hanteras manuellt i st\u00e4llet f\u00f6r datoriserat. Och det till en kostnad som till syvende og sidst skattebetalarna f\u00e5r st\u00e5 f\u00f6r.<\/p>\n<p><strong>S\u00e5 ja, jag \u00e4r<\/strong> beredd att h\u00e5lla med skattmasarna i V\u00e4stervik. Dagens Kafkaexercis av RUT och ROT-\u00e4rendena b\u00f6r skrotas till f\u00f6rm\u00e5n f\u00f6r e-post och elektronisk hantering.<\/p>\n<p>F\u00f6r skattef\u00f6rvaltningen i riket kan v\u00e4l vid det h\u00e4r laget inte l\u00e4ngre uppfatta RUT och ROT som tillf\u00e4lliga dagsl\u00e4ndor som det \u00e4r on\u00f6digt att mer permanent inr\u00e4tta organisationen efter? Nej, jag fick inte det intrycket. Bollen ligger n\u00e5gon annanstans &#8230;<\/p>\n","protected":false},"excerpt":{"rendered":"<p>\u00c5ter i staden efter ett par dagars Kalmarvistelse\u00a0d\u00e4r den plenifria veckan slutade \u00f6ver\u00a0f\u00f6rv\u00e4ntan. F\u00f6r oj vad m\u00e5nga nya v\u00e4ljarkontakter jag har knutit ombord p\u00e5 Kustpilen (bilden), p\u00e5 kaf\u00e9er och p\u00e5 g\u00e5gatorna i den forna barndomsstaden. Skrytvarning, men jag hann inte sl\u00e5 mig ner vid bardisken i stadens nya innovation &#8211;\u00a0saluhallen i gamla Posten\u00a0&#8211; f\u00f6rr\u00e4n snubben&hellip;<\/p>\n<p class=\"more-link-p\"><a class=\"more-link\" href=\"https:\/\/www.mariaabrahamsson.nu\/index.php\/2011\/11\/07\/drillad-av-skatteverket-later-val-nymoderat\/\">Read more &rarr;<\/a><\/p>\n","protected":false},"author":2,"featured_media":0,"comment_status":"open","ping_status":"open","sticky":false,"template":"","format":"standard","meta":{"footnotes":""},"categories":[1],"tags":[],"class_list":["post-6134","post","type-post","status-publish","format-standard","hentry","category-uncategorized"],"_links":{"self":[{"href":"https:\/\/www.mariaabrahamsson.nu\/index.php\/wp-json\/wp\/v2\/posts\/6134","targetHints":{"allow":["GET"]}}],"collection":[{"href":"https:\/\/www.mariaabrahamsson.nu\/index.php\/wp-json\/wp\/v2\/posts"}],"about":[{"href":"https:\/\/www.mariaabrahamsson.nu\/index.php\/wp-json\/wp\/v2\/types\/post"}],"author":[{"embeddable":true,"href":"https:\/\/www.mariaabrahamsson.nu\/index.php\/wp-json\/wp\/v2\/users\/2"}],"replies":[{"embeddable":true,"href":"https:\/\/www.mariaabrahamsson.nu\/index.php\/wp-json\/wp\/v2\/comments?post=6134"}],"version-history":[{"count":0,"href":"https:\/\/www.mariaabrahamsson.nu\/index.php\/wp-json\/wp\/v2\/posts\/6134\/revisions"}],"wp:attachment":[{"href":"https:\/\/www.mariaabrahamsson.nu\/index.php\/wp-json\/wp\/v2\/media?parent=6134"}],"wp:term":[{"taxonomy":"category","embeddable":true,"href":"https:\/\/www.mariaabrahamsson.nu\/index.php\/wp-json\/wp\/v2\/categories?post=6134"},{"taxonomy":"post_tag","embeddable":true,"href":"https:\/\/www.mariaabrahamsson.nu\/index.php\/wp-json\/wp\/v2\/tags?post=6134"}],"curies":[{"name":"wp","href":"https:\/\/api.w.org\/{rel}","templated":true}]}}