{"id":6117,"date":"2011-10-29T00:41:40","date_gmt":"2011-10-28T22:41:40","guid":{"rendered":"http:\/\/www.mariaabrahamsson.nu\/?p=6117"},"modified":"2011-10-29T00:41:47","modified_gmt":"2011-10-28T22:41:47","slug":"nej-helgfirandet-vill-inte-infinna-sig","status":"publish","type":"post","link":"https:\/\/www.mariaabrahamsson.nu\/index.php\/2011\/10\/29\/nej-helgfirandet-vill-inte-infinna-sig\/","title":{"rendered":"Nej, helgfirandet vill inte infinna sig"},"content":{"rendered":"<p><strong>Hall\u00e5, det har inte <\/strong>varit en helt enkel dag. D\u00e5 t\u00e4nker jag inte p\u00e5 schemat som nu \u00e4r spikat inf\u00f6r den kommande plenifria veckan i riksdagen som jag ska tillbringa med v\u00e4ljarkontakter i Kalmar med omnejd. Jag \u00e5terkommer om den saken.<\/p>\n<p>Per Unckel sitter p\u00e5 andra sidan av mitt skrivbord, han har fracken p\u00e5 sig, den sp\u00e4nner \u00f6ver kaggen, han \u00e4r p\u00e5 v\u00e4g till kungamiddag, men han dr\u00f6jer f\u00f6r vi har en konstitutionell knut som bara m\u00e5ste l\u00f6sas. Nej, vi grejade inte det den kv\u00e4llen, heller. Drygt 10 \u00e5r har g\u00e5tt sedan dess, och nu \u00e4r Per\u00a0<a href=\"http:\/\/www.lansstyrelsen.se\/stockholm\/Sv\/om-lansstyrelsen\/landshovding-och-lansledning\/minne-av-per-unckel\/Pages\/till-minne-av-per-unckel.aspx\">d\u00f6d<\/a>.<\/p>\n<p><strong>Min tidigare chef <\/strong>och numera riksdagskompis Mats Johansson skriver om den sm\u00e4rtsamma saknaden\u00a0<a href=\"http:\/\/www.matsjohansson.net\/2011\/09\/artikel-per-unckel-till-minne-svensk.html\">h\u00e4r<\/a>.<\/p>\n","protected":false},"excerpt":{"rendered":"<p>Hall\u00e5, det har inte varit en helt enkel dag. D\u00e5 t\u00e4nker jag inte p\u00e5 schemat som nu \u00e4r spikat inf\u00f6r den kommande plenifria veckan i riksdagen som jag ska tillbringa med v\u00e4ljarkontakter i Kalmar med omnejd. Jag \u00e5terkommer om den saken. Per Unckel sitter p\u00e5 andra sidan av mitt skrivbord, han har fracken p\u00e5 sig,&hellip;<\/p>\n<p class=\"more-link-p\"><a class=\"more-link\" href=\"https:\/\/www.mariaabrahamsson.nu\/index.php\/2011\/10\/29\/nej-helgfirandet-vill-inte-infinna-sig\/\">Read more &rarr;<\/a><\/p>\n","protected":false},"author":2,"featured_media":0,"comment_status":"open","ping_status":"open","sticky":false,"template":"","format":"standard","meta":{"footnotes":""},"categories":[1],"tags":[],"class_list":["post-6117","post","type-post","status-publish","format-standard","hentry","category-uncategorized"],"_links":{"self":[{"href":"https:\/\/www.mariaabrahamsson.nu\/index.php\/wp-json\/wp\/v2\/posts\/6117","targetHints":{"allow":["GET"]}}],"collection":[{"href":"https:\/\/www.mariaabrahamsson.nu\/index.php\/wp-json\/wp\/v2\/posts"}],"about":[{"href":"https:\/\/www.mariaabrahamsson.nu\/index.php\/wp-json\/wp\/v2\/types\/post"}],"author":[{"embeddable":true,"href":"https:\/\/www.mariaabrahamsson.nu\/index.php\/wp-json\/wp\/v2\/users\/2"}],"replies":[{"embeddable":true,"href":"https:\/\/www.mariaabrahamsson.nu\/index.php\/wp-json\/wp\/v2\/comments?post=6117"}],"version-history":[{"count":0,"href":"https:\/\/www.mariaabrahamsson.nu\/index.php\/wp-json\/wp\/v2\/posts\/6117\/revisions"}],"wp:attachment":[{"href":"https:\/\/www.mariaabrahamsson.nu\/index.php\/wp-json\/wp\/v2\/media?parent=6117"}],"wp:term":[{"taxonomy":"category","embeddable":true,"href":"https:\/\/www.mariaabrahamsson.nu\/index.php\/wp-json\/wp\/v2\/categories?post=6117"},{"taxonomy":"post_tag","embeddable":true,"href":"https:\/\/www.mariaabrahamsson.nu\/index.php\/wp-json\/wp\/v2\/tags?post=6117"}],"curies":[{"name":"wp","href":"https:\/\/api.w.org\/{rel}","templated":true}]}}