{"id":6103,"date":"2011-10-23T23:44:55","date_gmt":"2011-10-23T21:44:55","guid":{"rendered":"http:\/\/www.mariaabrahamsson.nu\/?p=6103"},"modified":"2011-11-21T20:51:14","modified_gmt":"2011-11-21T19:51:14","slug":"pa-hallmattan-vantade-reinfeldts-vadjan-om-partibidrag","status":"publish","type":"post","link":"https:\/\/www.mariaabrahamsson.nu\/index.php\/2011\/10\/23\/pa-hallmattan-vantade-reinfeldts-vadjan-om-partibidrag\/","title":{"rendered":"P\u00e5 hallmattan v\u00e4ntade Reinfeldts v\u00e4djan om partibidrag"},"content":{"rendered":"<p><strong>N\u00f6jd! P\u00e5 annat s\u00e4tt <\/strong>kan jag inte sammanfatta utfallet av min medverkan i helgens moderata partist\u00e4mma i \u00d6rebro. F\u00f6rutom alla glada hejsan-s\u00e5-kul-att-se-dig-tillf\u00e4llen som sociala storm\u00f6ten av den h\u00e4r kalibern alltid bjuder p\u00e5, kan jag skryta med att som debuterande politiker ha f\u00e5tt igenom \u00e5tminstone delar av ett motionsyrkande.<\/p>\n<p>Nej! Partist\u00e4mman var inte med p\u00e5 att\u00a0utreda <a href=\"http:\/\/www.newsmill.se\/artikel\/2011\/10\/18\/dags-f-r-mitt-parti-att-bejaka-surrogatm-draskap\">surrogatmoderskapsfr\u00e5gan<\/a> i det uttalade syftet att g\u00f6ra surrogatarrangemang m\u00f6jliga \u00e4ven inom den svenska reproduktionsv\u00e5rden. D\u00e4remot gick man med p\u00e5 att tills\u00e4tta &#8221;en grundlig och f\u00f6ruts\u00e4ttningsl\u00f6s utredning&#8221; om surrogatmoderskap i Sverige. I klartext: Vi accepterar surrogatmoderskap men m\u00e5ste f\u00e5 tid att v\u00e4nja oss vid tanken!<\/p>\n<p><a href=\"http:\/\/www.mariaabrahamsson.nu\/wp-content\/uploads\/2011\/10\/Borg-i-\u00d6rebro.jpeg\"><img loading=\"lazy\" decoding=\"async\" class=\"alignleft size-medium wp-image-6104\" title=\"Borg i \u00d6rebro\" src=\"http:\/\/www.mariaabrahamsson.nu\/wp-content\/uploads\/2011\/10\/Borg-i-\u00d6rebro-300x225.jpg\" alt=\"\" width=\"300\" height=\"225\" srcset=\"https:\/\/www.mariaabrahamsson.nu\/wp-content\/uploads\/2011\/10\/Borg-i-\u00d6rebro-300x225.jpg 300w, https:\/\/www.mariaabrahamsson.nu\/wp-content\/uploads\/2011\/10\/Borg-i-\u00d6rebro.jpeg 640w\" sizes=\"auto, (max-width: 300px) 100vw, 300px\" \/><\/a><strong>Tack k\u00e4ra st\u00e4mmodelegater <\/strong>f\u00f6r den framg\u00e5ngen som sporrar till nya tag\u00a0i det\u00a0<a href=\"http:\/\/www.riksdagen.se\/webbnav\/?nid=410&amp;dokid=GZ02So667\">fortsatta riksdagsarbetet!<\/a><\/p>\n<p>N\u00e5gonstans efter\u00a0den framg\u00e5ngen infann sig hallelujast\u00e4mningen \u00e4ven f\u00f6r mig.<\/p>\n<p><strong>Landets finansminister <\/strong>Anders Borg har inte bara utm\u00e4rkt sig genom att imponerande skickligt sk\u00f6ta landets ekonomi, som framg\u00e5r av bilden levererar han \u00e4ven ekonomiska v\u00e4derleksrapporter (bara kartan \u00f6ver europeiska l\u00e5gtryck saknas) i aldrig sinande str\u00f6m och ingjuter en genuin folkhemsk rockenrollst\u00e4mning i finanspolitiken.<\/p>\n<p>\u00c5terst\u00e5r g\u00f6r nu f\u00f6r mig att till n\u00e4sta partist\u00e4mma \u00f6vertyga fler partikamrater om n\u00f6dv\u00e4ndigheten av en lagreglerad skyldighet att \u00f6ppet redovisa privata penningg\u00e5vor till partiet. F\u00f6r d\u00e4r misslyckades jag i helgen med att f\u00e5 med dig st\u00e4mmodelegaterna.<\/p>\n<p><strong>Medialt gick det b\u00e4ttre. <\/strong>F\u00f6r att r\u00e4kna upp n\u00e5gra exempel:\u00a0<a href=\"http:\/\/www.dn.se\/debatt\/moderaterna-maste-sluta-morka-i-fragan-om-bidragen\">DN Debatt,<\/a> <a href=\"http:\/\/www.dn.se\/ledare\/signerat\/pengar-ska-redovisas-oppet\">DN:s ledarsida<\/a>,\u00a0<a href=\"http:\/\/www.dagensarena.se\/innehall\/intervju\/partibidragstrid-i-moderaterna\/\">Dagens Arena<\/a>, <a href=\"http:\/\/www.barometern.se\/reagera\/debatt\/mot-orebro-med-debattlust%282994145%29.gm\">Barometern<\/a>,\u00a0<a href=\"http:\/\/svtplay.se\/v\/2576592\/svt_forum\/m-stamman__intervju_med_maria_abrahamsson\">SVT Play<\/a>, <a href=\"http:\/\/www.dagensopinion.se\/maria-abrahamsson-om-att-bli-nedr\u00f6stad-om-partibidragen-m\">Dagens Opinion<\/a>, <a href=\"http:\/\/sverigesradio.se\/sida\/artikel.aspx?programid=83&amp;artikel=4760973\">Ekot<\/a>. <a href=\"http:\/\/na.se\/nyheter\/sverige\/1.1407354-reinfeldt-vi-maste-oppna-oss-mer\">Nerikes Allehanda<\/a>.<\/p>\n<p>Gissa sedan vad som l\u00e5g och v\u00e4ntade p\u00e5 hallgolvet n\u00e4r jag kom hem? Ett brev fr\u00e5n partiordf\u00f6rande Reinfeldt med v\u00e4djan om ett privat bidrag till partikassan!<\/p>\n","protected":false},"excerpt":{"rendered":"<p>N\u00f6jd! P\u00e5 annat s\u00e4tt kan jag inte sammanfatta utfallet av min medverkan i helgens moderata partist\u00e4mma i \u00d6rebro. F\u00f6rutom alla glada hejsan-s\u00e5-kul-att-se-dig-tillf\u00e4llen som sociala storm\u00f6ten av den h\u00e4r kalibern alltid bjuder p\u00e5, kan jag skryta med att som debuterande politiker ha f\u00e5tt igenom \u00e5tminstone delar av ett motionsyrkande. Nej! Partist\u00e4mman var inte med p\u00e5 att\u00a0utreda&hellip;<\/p>\n<p class=\"more-link-p\"><a class=\"more-link\" href=\"https:\/\/www.mariaabrahamsson.nu\/index.php\/2011\/10\/23\/pa-hallmattan-vantade-reinfeldts-vadjan-om-partibidrag\/\">Read more &rarr;<\/a><\/p>\n","protected":false},"author":2,"featured_media":0,"comment_status":"open","ping_status":"open","sticky":false,"template":"","format":"standard","meta":{"footnotes":""},"categories":[1],"tags":[],"class_list":["post-6103","post","type-post","status-publish","format-standard","hentry","category-uncategorized"],"_links":{"self":[{"href":"https:\/\/www.mariaabrahamsson.nu\/index.php\/wp-json\/wp\/v2\/posts\/6103","targetHints":{"allow":["GET"]}}],"collection":[{"href":"https:\/\/www.mariaabrahamsson.nu\/index.php\/wp-json\/wp\/v2\/posts"}],"about":[{"href":"https:\/\/www.mariaabrahamsson.nu\/index.php\/wp-json\/wp\/v2\/types\/post"}],"author":[{"embeddable":true,"href":"https:\/\/www.mariaabrahamsson.nu\/index.php\/wp-json\/wp\/v2\/users\/2"}],"replies":[{"embeddable":true,"href":"https:\/\/www.mariaabrahamsson.nu\/index.php\/wp-json\/wp\/v2\/comments?post=6103"}],"version-history":[{"count":0,"href":"https:\/\/www.mariaabrahamsson.nu\/index.php\/wp-json\/wp\/v2\/posts\/6103\/revisions"}],"wp:attachment":[{"href":"https:\/\/www.mariaabrahamsson.nu\/index.php\/wp-json\/wp\/v2\/media?parent=6103"}],"wp:term":[{"taxonomy":"category","embeddable":true,"href":"https:\/\/www.mariaabrahamsson.nu\/index.php\/wp-json\/wp\/v2\/categories?post=6103"},{"taxonomy":"post_tag","embeddable":true,"href":"https:\/\/www.mariaabrahamsson.nu\/index.php\/wp-json\/wp\/v2\/tags?post=6103"}],"curies":[{"name":"wp","href":"https:\/\/api.w.org\/{rel}","templated":true}]}}