{"id":6098,"date":"2011-10-19T08:59:17","date_gmt":"2011-10-19T06:59:17","guid":{"rendered":"http:\/\/www.mariaabrahamsson.nu\/?p=6098"},"modified":"2011-10-19T09:01:00","modified_gmt":"2011-10-19T07:01:00","slug":"brada-dagar-infor-m-stamman","status":"publish","type":"post","link":"https:\/\/www.mariaabrahamsson.nu\/index.php\/2011\/10\/19\/brada-dagar-infor-m-stamman\/","title":{"rendered":"Br\u00e5da dagar inf\u00f6r M-st\u00e4mman"},"content":{"rendered":"<p><strong>Lugn liten morgonstund<\/strong> p\u00e5 riksdagsrummet. Sk\u00f6nt som omv\u00e4xling, f\u00f6r\u00a0oj vilka\u00a0br\u00e5da dagar det \u00e4r\u00a0inf\u00f6r helgens partist\u00e4mma!\u00a0<\/p>\n<p>F\u00f6rutom filande p\u00e5 anf\u00f6randen (m\u00e5ste ju \u00f6vertyga st\u00e4mman att r\u00f6sta ja till\u00a0mina motioner) kombinerat med maniskt artikelskrivande (m\u00e5ste ju g\u00f6ra reklam f\u00f6r mina motioner, g\u00e5rdagens opus<a href=\"http:\/\/www.newsmill.se\/artikel\/2011\/10\/18\/dags-f-r-mitt-parti-att-bejaka-surrogatm-draskap\"> h\u00e4r<\/a>)\u00a0s\u00e5 p\u00e5g\u00e5r riksdagsarbetet som vanligt \u00a0(jag debuterade i <a href=\"http:\/\/www.riksdagen.se\/webbnav\/index.aspx?nid=5804\">Skatteutskottet\u00a0<\/a>i g\u00e5r). Och\u00a0framf\u00f6r mig ligger\u00a0en heldag med <a href=\"http:\/\/www.domstol.se\/Om-Sveriges-Domstolar\/Domarnamnden\/Domarnamndens-sammantraden\/\">Domarn\u00e4mnden<\/a>.<\/p>\n<p><strong>H\u00f6rs!\u00a0<\/strong><\/p>\n<p>Ps<br \/>\nMissat\u00a0allianspredikan?\u00a0L\u00e4s\u00a0<a href=\"http:\/\/www.dn.se\/debatt\/s-politiken-urgroper-vara-finanser-med-30-miljarder\">h\u00e4r!<\/a><\/p>\n","protected":false},"excerpt":{"rendered":"<p>Lugn liten morgonstund p\u00e5 riksdagsrummet. Sk\u00f6nt som omv\u00e4xling, f\u00f6r\u00a0oj vilka\u00a0br\u00e5da dagar det \u00e4r\u00a0inf\u00f6r helgens partist\u00e4mma!\u00a0 F\u00f6rutom filande p\u00e5 anf\u00f6randen (m\u00e5ste ju \u00f6vertyga st\u00e4mman att r\u00f6sta ja till\u00a0mina motioner) kombinerat med maniskt artikelskrivande (m\u00e5ste ju g\u00f6ra reklam f\u00f6r mina motioner, g\u00e5rdagens opus h\u00e4r)\u00a0s\u00e5 p\u00e5g\u00e5r riksdagsarbetet som vanligt \u00a0(jag debuterade i Skatteutskottet\u00a0i g\u00e5r). Och\u00a0framf\u00f6r mig ligger\u00a0en heldag&hellip;<\/p>\n<p class=\"more-link-p\"><a class=\"more-link\" href=\"https:\/\/www.mariaabrahamsson.nu\/index.php\/2011\/10\/19\/brada-dagar-infor-m-stamman\/\">Read more &rarr;<\/a><\/p>\n","protected":false},"author":2,"featured_media":0,"comment_status":"open","ping_status":"open","sticky":false,"template":"","format":"standard","meta":{"footnotes":""},"categories":[1],"tags":[],"class_list":["post-6098","post","type-post","status-publish","format-standard","hentry","category-uncategorized"],"_links":{"self":[{"href":"https:\/\/www.mariaabrahamsson.nu\/index.php\/wp-json\/wp\/v2\/posts\/6098","targetHints":{"allow":["GET"]}}],"collection":[{"href":"https:\/\/www.mariaabrahamsson.nu\/index.php\/wp-json\/wp\/v2\/posts"}],"about":[{"href":"https:\/\/www.mariaabrahamsson.nu\/index.php\/wp-json\/wp\/v2\/types\/post"}],"author":[{"embeddable":true,"href":"https:\/\/www.mariaabrahamsson.nu\/index.php\/wp-json\/wp\/v2\/users\/2"}],"replies":[{"embeddable":true,"href":"https:\/\/www.mariaabrahamsson.nu\/index.php\/wp-json\/wp\/v2\/comments?post=6098"}],"version-history":[{"count":0,"href":"https:\/\/www.mariaabrahamsson.nu\/index.php\/wp-json\/wp\/v2\/posts\/6098\/revisions"}],"wp:attachment":[{"href":"https:\/\/www.mariaabrahamsson.nu\/index.php\/wp-json\/wp\/v2\/media?parent=6098"}],"wp:term":[{"taxonomy":"category","embeddable":true,"href":"https:\/\/www.mariaabrahamsson.nu\/index.php\/wp-json\/wp\/v2\/categories?post=6098"},{"taxonomy":"post_tag","embeddable":true,"href":"https:\/\/www.mariaabrahamsson.nu\/index.php\/wp-json\/wp\/v2\/tags?post=6098"}],"curies":[{"name":"wp","href":"https:\/\/api.w.org\/{rel}","templated":true}]}}