{"id":6066,"date":"2011-10-11T11:36:53","date_gmt":"2011-10-11T09:36:53","guid":{"rendered":"http:\/\/www.mariaabrahamsson.nu\/?p=6066"},"modified":"2011-10-11T12:06:05","modified_gmt":"2011-10-11T10:06:05","slug":"rattssakerheten-viktigare-an-stukad-juholt-i-realtid","status":"publish","type":"post","link":"https:\/\/www.mariaabrahamsson.nu\/index.php\/2011\/10\/11\/rattssakerheten-viktigare-an-stukad-juholt-i-realtid\/","title":{"rendered":"R\u00e4ttss\u00e4kerheten viktigare \u00e4n stukad Juholt i realtid"},"content":{"rendered":"<p><a href=\"http:\/\/www.mariaabrahamsson.nu\/wp-content\/uploads\/2011\/10\/Tack-till-ett-genuint-n\u00f6rdigt-g\u00e4ng-muffare-fr\u00e5n-S\u00f6dermalm..jpeg\"><strong><img loading=\"lazy\" decoding=\"async\" class=\"alignleft size-medium wp-image-6067\" title=\"Tack till ett genuint n\u00f6rdigt g\u00e4ng muffare fr\u00e5n S\u00f6dermalm.\" src=\"http:\/\/www.mariaabrahamsson.nu\/wp-content\/uploads\/2011\/10\/Tack-till-ett-genuint-n\u00f6rdigt-g\u00e4ng-muffare-fr\u00e5n-S\u00f6dermalm.-300x225.jpg\" alt=\"\" width=\"300\" height=\"225\" srcset=\"https:\/\/www.mariaabrahamsson.nu\/wp-content\/uploads\/2011\/10\/Tack-till-ett-genuint-n\u00f6rdigt-g\u00e4ng-muffare-fr\u00e5n-S\u00f6dermalm.-300x225.jpg 300w, https:\/\/www.mariaabrahamsson.nu\/wp-content\/uploads\/2011\/10\/Tack-till-ett-genuint-n\u00f6rdigt-g\u00e4ng-muffare-fr\u00e5n-S\u00f6dermalm..jpeg 640w\" sizes=\"auto, (max-width: 300px) 100vw, 300px\" \/><\/strong><\/a><strong>H\u00e4r min fina publik<\/strong> fr\u00e5n i g\u00e5r! Det var Muf S\u00f6dermalm som hade bjudit in till Bl\u00e5 h\u00f6rnet d\u00e4r jag p\u00e5 allm\u00e4n beg\u00e4ran talade om min vid det h\u00e4r laget ganska k\u00e4nda syn p\u00e5 <a href=\"http:\/\/www.mariaabrahamsson.nu\/index.php\/2011\/07\/27\/sa-var-det-namndemannasystemet-igen\/\">n\u00e4mndemannasystemet<\/a> och varf\u00f6r <a href=\"http:\/\/www.newsmill.se\/artikel\/2011\/07\/29\/d-rf-r-b-r-r-tteg-ngen-mot-breivik-s-ndas-i-tv\">tv-s\u00e4nda r\u00e4tteg\u00e5ngar<\/a> \u00e4r v\u00e4rt att pr\u00f6va \u00e4ven i Sverige, \u00e5tminstone <a href=\"http:\/\/www.riksdagen.se\/Webbnav\/index.aspx?nid=410&amp;typ=mot&amp;rm=2011\/12&amp;bet=Ju229\">p\u00e5 f\u00f6rs\u00f6k<\/a>.<\/p>\n<p>Men det var i g\u00e5r kv\u00e4ll, i dag f\u00f6rbereder jag mig just inf\u00f6r ett m\u00f6te med skattekunnigt folk med anledning av regeringens f\u00f6rslag till <a href=\"http:\/\/nyalagar.se\/skatteforfarandelagen-ska-samla-skattehanteringen\/\">skattef\u00f6rfarandelag<\/a>.<\/p>\n<p><strong>P\u00e5 tal om skatter<\/strong> s\u00e5 ringde just <a href=\"http:\/\/www.resume.se\/\">Resum\u00e9<\/a> bara f\u00f6r att h\u00f6ra vad jag (som sprillans ny ledamot av Skatteutskottet) tycker om allianskamraten Carl B Hamiltons krav p\u00e5 att avskaffa\u00a0<a href=\"http:\/\/hamiltonsblandning.blogspot.com\/2011\/10\/avskaffa-reklamskatten.html\">reklamskatten<\/a>.\u00a0<\/p>\n<p>Gulp! K\u00e4nde mig inte helt\u00a0redo\u00a0att svara p\u00e5 den fr\u00e5gan &#8230; \u00e4nnu.<\/p>\n<p><strong>Annars kommer dagen<\/strong> att g\u00e5 \u00e5t till diverse m\u00f6ten, bland annat med den moderata riksdagsgruppen. Festligt f\u00f6rresten hur Ekot i morse fick det att l\u00e5ta som en f\u00f6rsta klassens\u00a0sensation att Socialdemokraterna i eftermiddag ska samla sin riksdagsgrupp med anledning av den inledda f\u00f6runders\u00f6kningen mot H\u00e5kan Juholt. Men som alla journalister, nyhetsredaktioner och politiska kommentatorer\u00a0som har f\u00f6ljt riksdagsarbetet\u00a0rimligen\u00a0vet\u00a0har partigrupperna sedan sten\u00e5ldern haft sina interna sammantr\u00e4den p\u00e5 tisdagseftermiddagar. S\u00e5 mycket f\u00f6r den sensationen, Ekot!<\/p>\n<p>Och i morgon kl 09.00 \u00e4r det s\u00e5 dags f\u00f6r Riksm\u00f6tets\u00a0f\u00f6rsta <a href=\"http:\/\/www.riksdagen.se\/\">partiledardebatt<\/a>.\u00a0Sj\u00e4lv \u00e4r jag inbokad att f\u00f6rl\u00e4sa f\u00f6r blivande jurister om den framtida domarrekryteringen och &#8211; gissa?!\u00a0&#8211; n\u00e4mndemannasystemet!\u00a0 Det hela \u00e4ger rum kl 10.00-11.00 p\u00e5 Stockholms universitet i samband med \u00e5rets upplaga av\u00a0<a href=\"http:\/\/www.juristdagarna.se\/subpage_data.php?main_id=89&amp;sub_id=97&amp;page_id=2\">Juristdagarna<\/a>.\u00a0<\/p>\n<p><strong>Fel prioritering<\/strong>, t\u00e4nker n\u00e5gon. Fast det vete tusan. <a href=\"http:\/\/www.riksdagen.se\/Webbnav\/index.aspx?nid=410&amp;typ=mot&amp;rm=2011\/12&amp;bet=Ju312\">R\u00e4ttss\u00e4kerheten <\/a>i v\u00e5ra domstolar \u00e4r v\u00e4l \u00e4nd\u00e5 viktigare \u00e4n att i realtid studera\u00a0en stukad H\u00e5kan Juholt i talarstolen?<\/p>\n","protected":false},"excerpt":{"rendered":"<p>H\u00e4r min fina publik fr\u00e5n i g\u00e5r! Det var Muf S\u00f6dermalm som hade bjudit in till Bl\u00e5 h\u00f6rnet d\u00e4r jag p\u00e5 allm\u00e4n beg\u00e4ran talade om min vid det h\u00e4r laget ganska k\u00e4nda syn p\u00e5 n\u00e4mndemannasystemet och varf\u00f6r tv-s\u00e4nda r\u00e4tteg\u00e5ngar \u00e4r v\u00e4rt att pr\u00f6va \u00e4ven i Sverige, \u00e5tminstone p\u00e5 f\u00f6rs\u00f6k. Men det var i g\u00e5r kv\u00e4ll,&hellip;<\/p>\n<p class=\"more-link-p\"><a class=\"more-link\" href=\"https:\/\/www.mariaabrahamsson.nu\/index.php\/2011\/10\/11\/rattssakerheten-viktigare-an-stukad-juholt-i-realtid\/\">Read more &rarr;<\/a><\/p>\n","protected":false},"author":2,"featured_media":0,"comment_status":"open","ping_status":"open","sticky":false,"template":"","format":"standard","meta":{"footnotes":""},"categories":[1],"tags":[],"class_list":["post-6066","post","type-post","status-publish","format-standard","hentry","category-uncategorized"],"_links":{"self":[{"href":"https:\/\/www.mariaabrahamsson.nu\/index.php\/wp-json\/wp\/v2\/posts\/6066","targetHints":{"allow":["GET"]}}],"collection":[{"href":"https:\/\/www.mariaabrahamsson.nu\/index.php\/wp-json\/wp\/v2\/posts"}],"about":[{"href":"https:\/\/www.mariaabrahamsson.nu\/index.php\/wp-json\/wp\/v2\/types\/post"}],"author":[{"embeddable":true,"href":"https:\/\/www.mariaabrahamsson.nu\/index.php\/wp-json\/wp\/v2\/users\/2"}],"replies":[{"embeddable":true,"href":"https:\/\/www.mariaabrahamsson.nu\/index.php\/wp-json\/wp\/v2\/comments?post=6066"}],"version-history":[{"count":0,"href":"https:\/\/www.mariaabrahamsson.nu\/index.php\/wp-json\/wp\/v2\/posts\/6066\/revisions"}],"wp:attachment":[{"href":"https:\/\/www.mariaabrahamsson.nu\/index.php\/wp-json\/wp\/v2\/media?parent=6066"}],"wp:term":[{"taxonomy":"category","embeddable":true,"href":"https:\/\/www.mariaabrahamsson.nu\/index.php\/wp-json\/wp\/v2\/categories?post=6066"},{"taxonomy":"post_tag","embeddable":true,"href":"https:\/\/www.mariaabrahamsson.nu\/index.php\/wp-json\/wp\/v2\/tags?post=6066"}],"curies":[{"name":"wp","href":"https:\/\/api.w.org\/{rel}","templated":true}]}}