{"id":606,"date":"2009-11-25T16:23:31","date_gmt":"2009-11-25T16:23:31","guid":{"rendered":"http:\/\/www.mariaabrahamsson.nu\/?p=606"},"modified":"2009-12-18T17:16:17","modified_gmt":"2009-12-18T17:16:17","slug":"kamprads-talgbollar-var-bara-for-mycket","status":"publish","type":"post","link":"https:\/\/www.mariaabrahamsson.nu\/index.php\/2009\/11\/25\/kamprads-talgbollar-var-bara-for-mycket\/","title":{"rendered":"Kamprads talgbollar blev f\u00f6r mycket"},"content":{"rendered":"<p><strong>N\u00e4r\u00a0Ingvar Kamprad<\/strong> i sitt sommarpratarprogram i \u00e5r f\u00f6rs\u00f6kte lura i lyssnarna att hans matkonto inte \u00e4r st\u00f6rre \u00e4n hush\u00e5llet Kamprads kostnad f\u00f6r\u00a0<a href=\"http:\/\/sv.wikipedia.org\/wiki\/Talgboll\">talgbollarna<\/a> till sm\u00e5f\u00e5glarna utanf\u00f6r f\u00f6nstret, d\u00e5 passerade Ikeas grundare trov\u00e4rdighetens gr\u00e4ns.<\/p>\n<p><strong>D\u00e4rf\u00f6r blev jag inte <\/strong>j\u00e4ttef\u00f6rv\u00e5nad \u00f6ver att Sveriges Radio ironiskt nog g\u00e5r om Ikea och d\u00e4rmed toppar\u00a0<a href=\"http:\/\/www.medieakademien.se\/sv\/OmMedieakademin\/Ide\/\">Medieakademins<\/a> \u00e5rliga rankinglista \u00f6ver vilka institutioner, partier, f\u00f6retag med mera som svenska folket har mest f\u00f6rtroende f\u00f6r. L\u00e4s g\u00e4rna hela f\u00f6retroendem\u00e4tningen\u00a0<a href=\"http:\/\/www.medieakademin.welcom.se\/Fortroendebarometer2009.pdf\">h\u00e4r<\/a>.<\/p>\n","protected":false},"excerpt":{"rendered":"<p>N\u00e4r\u00a0Ingvar Kamprad i sitt sommarpratarprogram i \u00e5r f\u00f6rs\u00f6kte lura i lyssnarna att hans matkonto inte \u00e4r st\u00f6rre \u00e4n hush\u00e5llet Kamprads kostnad f\u00f6r\u00a0talgbollarna till sm\u00e5f\u00e5glarna utanf\u00f6r f\u00f6nstret, d\u00e5 passerade Ikeas grundare trov\u00e4rdighetens gr\u00e4ns. D\u00e4rf\u00f6r blev jag inte j\u00e4ttef\u00f6rv\u00e5nad \u00f6ver att Sveriges Radio ironiskt nog g\u00e5r om Ikea och d\u00e4rmed toppar\u00a0Medieakademins \u00e5rliga rankinglista \u00f6ver vilka institutioner, partier,&hellip;<\/p>\n<p class=\"more-link-p\"><a class=\"more-link\" href=\"https:\/\/www.mariaabrahamsson.nu\/index.php\/2009\/11\/25\/kamprads-talgbollar-var-bara-for-mycket\/\">Read more &rarr;<\/a><\/p>\n","protected":false},"author":2,"featured_media":0,"comment_status":"closed","ping_status":"open","sticky":false,"template":"","format":"standard","meta":{"footnotes":""},"categories":[1],"tags":[],"class_list":["post-606","post","type-post","status-publish","format-standard","hentry","category-uncategorized"],"_links":{"self":[{"href":"https:\/\/www.mariaabrahamsson.nu\/index.php\/wp-json\/wp\/v2\/posts\/606","targetHints":{"allow":["GET"]}}],"collection":[{"href":"https:\/\/www.mariaabrahamsson.nu\/index.php\/wp-json\/wp\/v2\/posts"}],"about":[{"href":"https:\/\/www.mariaabrahamsson.nu\/index.php\/wp-json\/wp\/v2\/types\/post"}],"author":[{"embeddable":true,"href":"https:\/\/www.mariaabrahamsson.nu\/index.php\/wp-json\/wp\/v2\/users\/2"}],"replies":[{"embeddable":true,"href":"https:\/\/www.mariaabrahamsson.nu\/index.php\/wp-json\/wp\/v2\/comments?post=606"}],"version-history":[{"count":0,"href":"https:\/\/www.mariaabrahamsson.nu\/index.php\/wp-json\/wp\/v2\/posts\/606\/revisions"}],"wp:attachment":[{"href":"https:\/\/www.mariaabrahamsson.nu\/index.php\/wp-json\/wp\/v2\/media?parent=606"}],"wp:term":[{"taxonomy":"category","embeddable":true,"href":"https:\/\/www.mariaabrahamsson.nu\/index.php\/wp-json\/wp\/v2\/categories?post=606"},{"taxonomy":"post_tag","embeddable":true,"href":"https:\/\/www.mariaabrahamsson.nu\/index.php\/wp-json\/wp\/v2\/tags?post=606"}],"curies":[{"name":"wp","href":"https:\/\/api.w.org\/{rel}","templated":true}]}}