{"id":6020,"date":"2011-10-06T21:39:56","date_gmt":"2011-10-06T19:39:56","guid":{"rendered":"http:\/\/www.mariaabrahamsson.nu\/?p=6020"},"modified":"2011-10-06T21:55:15","modified_gmt":"2011-10-06T19:55:15","slug":"forst-dor-jobs-sen-far-transtromer-nobelpris-och-jag-svettas-pa-lopbandet","status":"publish","type":"post","link":"https:\/\/www.mariaabrahamsson.nu\/index.php\/2011\/10\/06\/forst-dor-jobs-sen-far-transtromer-nobelpris-och-jag-svettas-pa-lopbandet\/","title":{"rendered":"F\u00f6rst d\u00f6r Jobs, sen f\u00e5r Transtr\u00f6mer Nobelpris och jag svettas p\u00e5 l\u00f6pbandet"},"content":{"rendered":"<p><strong>Femtio minuter p\u00e5<\/strong> l\u00f6pbandet g\u00f6r absolut ingen glad. Men eftersom jag (\u00e4nnu) inte har gett upp hoppet om att klara h\u00f6stens sista lopp, <a href=\"http:\/\/www.hasselbyloppet.se\/start\/\">H\u00e4sselbyloppet<\/a>,\u00a0p\u00e5 under en timme har jag i kv\u00e4ll genomlidit el\u00e4ndet. Och visst, nu k\u00e4nns det alla tiders! Har haft en rik dag med givande m\u00f6ten. F\u00f6rst gottade jag mig \u00e5t alla kommentarer (428 i bloggande stund) med anledning av att jag i g\u00e5r <a href=\"http:\/\/www.svd.se\/opinion\/brannpunkt\/juholt-satsar-pa-svartjobb-och-smuggling_6527752.svd\">skrev elakt <\/a>om H\u00e5kan Juholts skuggbudget.<\/p>\n<p>Sedan lunchade jag med en h\u00e4rligt intellektuell snubbe fr\u00e5n Svenskt N\u00e4ringsliv. Tack P f\u00f6r lunchen! Det m\u00e5ste vi g\u00f6ra om!<\/p>\n<p><strong>S\u00e5 tillbaks <\/strong>till riksdagsrummet f\u00f6r att fr\u00e4scha upp minnet om l\u00e4get i <a href=\"http:\/\/www.sou.gov.se\/yttrandefrihet\/\">Yttrandefrihetskommitt\u00e9n<\/a> inf\u00f6r eftermiddagsm\u00f6tet med <a href=\"http:\/\/www.tu.se\/\">Tidningsutgivarna<\/a>. F\u00f6r egen del \u00e4r jag trogen <a href=\"http:\/\/www.dn.se\/debatt\/tf-och-ygl-maste-varnas#fbc-recommend-ancor\">st\u00e4llningstagandet h\u00e4r,<\/a> och konstaterar att det b\u00f6rjar <a href=\"http:\/\/www.medievarlden.se\/nyheter\/2011\/10\/lambertz-kan-bli-overkord-om-ny-grundlag\">dra ihop sig<\/a> &#8230; inte minst f\u00f6r oss moderater.<\/p>\n<p>Parallellt har sentimentaliteten genomsyrat hela min dag. F\u00f6rsta kn\u00e4cken var budet om <a href=\"http:\/\/www.youtube.com\/watch?v=Yz1-cPx0cIk\">Steve Jobs <\/a>d\u00f6d. TV4:s reporter sammanfattade tragiken: Han dubbelklickade, loggade ut och dog. Det \u00e4r ord v\u00e4rdiga en gravsten, snurvlade jag.<\/p>\n<p><strong>F\u00f6r att inte tala<\/strong> om hur m\u00e5nga t\u00e5rar som har trillat efter <a href=\"http:\/\/www.svenskaakademien.se\/\">Svenska Akademiens<\/a> st\u00e4ndige sekreterares <a href=\"http:\/\/svt.se\/\">besked<\/a> att Nobelpriset i litteratur g\u00e5r till poeten\u00a0<a href=\"http:\/\/www.svd.se\/kultur\/understrecket\/transtromer-visar-storheten-i-det-vardagliga_6530874.svd\">Tomas Transtr\u00f6mer<\/a>.<\/p>\n<p>Uppriktigt, jag har inte l\u00e4st en dikt av den mannen. Maken har l\u00e4st desto fler och jag har lovat att b\u00e4ttra mig. Men vad jag i dag r\u00f6rs mest av \u00e4r inte erk\u00e4nnandet av Transtr\u00f6mers diktning, p\u00e5 den punkten visste han s\u00e4kert sj\u00e4lv flera g\u00e5nger om att han h\u00f6ll m\u00e5ttet och det med r\u00e5ge.<\/p>\n<p><strong>Vad som r\u00f6r mig djupare <\/strong>i hj\u00e4rteroten \u00e4r hans hustrus k\u00e4rleksfulla\u00a0<a href=\"http:\/\/svt.se\/\">samspel<\/a> (ungef\u00e4r 00.49 in i klippet) med en \u00e4lskad make som har f\u00f6rlorat f\u00f6rm\u00e5gan att &#8230; <a href=\"http:\/\/www.youtube.com\/watch?v=mrzePp6WJgU&amp;feature=results_main&amp;playnext=1&amp;list=PL5D9B12572E8EFDDC\">tala.<\/a><\/p>\n<p><strong><br \/>\n<\/strong><\/p>\n","protected":false},"excerpt":{"rendered":"<p>Femtio minuter p\u00e5 l\u00f6pbandet g\u00f6r absolut ingen glad. Men eftersom jag (\u00e4nnu) inte har gett upp hoppet om att klara h\u00f6stens sista lopp, H\u00e4sselbyloppet,\u00a0p\u00e5 under en timme har jag i kv\u00e4ll genomlidit el\u00e4ndet. Och visst, nu k\u00e4nns det alla tiders! Har haft en rik dag med givande m\u00f6ten. F\u00f6rst gottade jag mig \u00e5t alla kommentarer&hellip;<\/p>\n<p class=\"more-link-p\"><a class=\"more-link\" href=\"https:\/\/www.mariaabrahamsson.nu\/index.php\/2011\/10\/06\/forst-dor-jobs-sen-far-transtromer-nobelpris-och-jag-svettas-pa-lopbandet\/\">Read more &rarr;<\/a><\/p>\n","protected":false},"author":2,"featured_media":0,"comment_status":"open","ping_status":"open","sticky":false,"template":"","format":"standard","meta":{"footnotes":""},"categories":[1],"tags":[],"class_list":["post-6020","post","type-post","status-publish","format-standard","hentry","category-uncategorized"],"_links":{"self":[{"href":"https:\/\/www.mariaabrahamsson.nu\/index.php\/wp-json\/wp\/v2\/posts\/6020","targetHints":{"allow":["GET"]}}],"collection":[{"href":"https:\/\/www.mariaabrahamsson.nu\/index.php\/wp-json\/wp\/v2\/posts"}],"about":[{"href":"https:\/\/www.mariaabrahamsson.nu\/index.php\/wp-json\/wp\/v2\/types\/post"}],"author":[{"embeddable":true,"href":"https:\/\/www.mariaabrahamsson.nu\/index.php\/wp-json\/wp\/v2\/users\/2"}],"replies":[{"embeddable":true,"href":"https:\/\/www.mariaabrahamsson.nu\/index.php\/wp-json\/wp\/v2\/comments?post=6020"}],"version-history":[{"count":0,"href":"https:\/\/www.mariaabrahamsson.nu\/index.php\/wp-json\/wp\/v2\/posts\/6020\/revisions"}],"wp:attachment":[{"href":"https:\/\/www.mariaabrahamsson.nu\/index.php\/wp-json\/wp\/v2\/media?parent=6020"}],"wp:term":[{"taxonomy":"category","embeddable":true,"href":"https:\/\/www.mariaabrahamsson.nu\/index.php\/wp-json\/wp\/v2\/categories?post=6020"},{"taxonomy":"post_tag","embeddable":true,"href":"https:\/\/www.mariaabrahamsson.nu\/index.php\/wp-json\/wp\/v2\/tags?post=6020"}],"curies":[{"name":"wp","href":"https:\/\/api.w.org\/{rel}","templated":true}]}}