{"id":5986,"date":"2011-10-04T00:07:54","date_gmt":"2011-10-03T22:07:54","guid":{"rendered":"http:\/\/www.mariaabrahamsson.nu\/?p=5986"},"modified":"2011-10-04T00:43:32","modified_gmt":"2011-10-03T22:43:32","slug":"klokast-att-stanga-oronen-for-bindefelds-lockrop","status":"publish","type":"post","link":"https:\/\/www.mariaabrahamsson.nu\/index.php\/2011\/10\/04\/klokast-att-stanga-oronen-for-bindefelds-lockrop\/","title":{"rendered":"Klokast att st\u00e4nga \u00f6ronen f\u00f6r Bindefelds lockrop"},"content":{"rendered":"<p><strong>Kommer hem efter<\/strong> en l\u00e5ng dag vid skrivbordet p\u00e5 riksdagsrummet. F\u00f6rutom att jag har f\u00f6rfattat en kr\u00f6nika till <a href=\"http:\/\/st.nu\/opinion\">ST<\/a> p\u00e5 temat varf\u00f6r jag \u00e4nd\u00e5 tycker det \u00e4r viktigt att skriva motioner under riksdagens \u00e4nnu inte avslutade allm\u00e4nna motionsperiod, s\u00e5 har jag b\u00f6rjat r\u00e5plugga skatteavsnitten i h\u00f6stens budgetproposition.<\/p>\n<p>Som jag redan har <a href=\"http:\/\/www.mariaabrahamsson.nu\/index.php\/2011\/09\/29\/forsakringslosa-barn-ar-inte-veroncia-palms-huvudvark\/\">n\u00e4mnt <\/a>har jag sedan i fredags bytt Civilutskottet mot Skatteutskottet. Och yes, det inneb\u00e4r en del ny lagstiftning och f\u00f6rslag att tugga i sig. Till exempel faller det nu p\u00e5 min lott att i riksdagen lotsa igenom regeringens proposition om ett nytt\u00a0<a href=\"http:\/\/www.regeringen.se\/sb\/d\/108\/a\/175959\">skattef\u00f6rfarande<\/a>. Ja, med hj\u00e4lp av mina allianskolleger, f\u00f6rst\u00e5s.<\/p>\n<p><strong>Men jag har <\/strong>som sagt bara b\u00f6rjat nosa p\u00e5 det d\u00e4r mastondontverket och hur konstigt det \u00e4n kan l\u00e5ta \u00e4r jag riktigt f\u00f6rv\u00e4ntansfull inf\u00f6r morgondagens seminarium i \u00e4mnet, hos <a href=\"http:\/\/www.wistrand.se\/1\/sv\/nyheter\/nyheter.php\">advokatbyr\u00e5n Wistrand<\/a> med\u00a0<a href=\"http:\/\/www.ff.se\/\">F\u00f6retagarf\u00f6rbundets<\/a> f\u00f6rbundssekreterare Camilla Littorin som moderator.<\/p>\n<p>Fast s\u00e5 mycket<strong> <\/strong>begriper jag att som ledamot av Skatteutskottet g\u00f6r jag klokt i att tacka nej till Michael Bindefelds urflotta inbjudan som v\u00e4ntade p\u00e5 hallmattan i kv\u00e4ll och som lockade med bes\u00f6k hos <a href=\"http:\/\/www.e24.se\/business\/konsumentvaror\/spendrups-koper-loka-brunn_96377.e24\">Loka Brunn<\/a> helgen den 12-13 november, inklusive spa-behandling, kulinariska l\u00e4ckerheter och natts\u00f6mn i &#8221;st\u00e4mningsfulla rum&#8221;. Jag minns som vore det i g\u00e5r vad jag t\u00e4nkte n\u00e4r obet\u00e4nksamma partikamrater\u00a0<a href=\"http:\/\/www.dagensps.se\/artiklar\/2009\/09\/30\/72014980\/index.xml\">l\u00e4t sig luras<\/a> in i lyxf\u00e4llan.<\/p>\n<p><strong>S\u00e5 jag vinkar<\/strong> adj\u00f6 till Bindefelds frestande anbud och siktar in mig p\u00e5 det mindre glamor\u00f6sa men kanske v\u00e4l s\u00e5 dramatiska\u00a0<a href=\"http:\/\/www.sns.se\/kalendarium\/extra-sammantrade-med-sns-fortroenderad\">extrainkallade sammantr\u00e4det <\/a>med SNS f\u00f6retroender\u00e5d i vilket jag &#8211; \u00e4n s\u00e5 l\u00e4nge &#8211; ing\u00e5r. Faktum \u00e4r att jag knappt kan b\u00e4rga mig f\u00f6r att f\u00e5 h\u00f6ra hur SNS planerar att <a href=\"http:\/\/www.dagensarena.se\/nyheter\/darfor-lamnar-laura-hartman-sns\/\">\u00e5teruppr\u00e4tta<\/a> f\u00f6rtroendet f\u00f6r sin forskningsverksamhet. M\u00e5nga pipor har skurits i vassen &#8211; Leif Pagrotskys <a href=\"http:\/\/www.expressen.se\/debatt\/1.2574306\/leif-pagrotsky-farligt-forakt-for-forskarnas-frihet\">inl\u00e4gg<\/a> h\u00f6r till de mest groteska &#8211; men ocks\u00e5 mer sansade bed\u00f6mningar har f\u00f6rekommit, som till exempel <a href=\"http:\/\/www.dn.se\/ledare\/signerat\/sns-rapporten-ingen-hogerkonspiration-bakom-forskningschefens-avgang\">denna<\/a> av Erik Helmerson, p\u00e5 DN:s ledarsida.<\/p>\n<p>Min slutsats kan inte bli annan \u00e4n att det som alltid \u00e4r viktigt att se saker och ting i dess r\u00e4tta proportioner.<\/p>\n","protected":false},"excerpt":{"rendered":"<p>Kommer hem efter en l\u00e5ng dag vid skrivbordet p\u00e5 riksdagsrummet. F\u00f6rutom att jag har f\u00f6rfattat en kr\u00f6nika till ST p\u00e5 temat varf\u00f6r jag \u00e4nd\u00e5 tycker det \u00e4r viktigt att skriva motioner under riksdagens \u00e4nnu inte avslutade allm\u00e4nna motionsperiod, s\u00e5 har jag b\u00f6rjat r\u00e5plugga skatteavsnitten i h\u00f6stens budgetproposition. Som jag redan har n\u00e4mnt har jag sedan&hellip;<\/p>\n<p class=\"more-link-p\"><a class=\"more-link\" href=\"https:\/\/www.mariaabrahamsson.nu\/index.php\/2011\/10\/04\/klokast-att-stanga-oronen-for-bindefelds-lockrop\/\">Read more &rarr;<\/a><\/p>\n","protected":false},"author":2,"featured_media":0,"comment_status":"open","ping_status":"open","sticky":false,"template":"","format":"standard","meta":{"footnotes":""},"categories":[1],"tags":[],"class_list":["post-5986","post","type-post","status-publish","format-standard","hentry","category-uncategorized"],"_links":{"self":[{"href":"https:\/\/www.mariaabrahamsson.nu\/index.php\/wp-json\/wp\/v2\/posts\/5986","targetHints":{"allow":["GET"]}}],"collection":[{"href":"https:\/\/www.mariaabrahamsson.nu\/index.php\/wp-json\/wp\/v2\/posts"}],"about":[{"href":"https:\/\/www.mariaabrahamsson.nu\/index.php\/wp-json\/wp\/v2\/types\/post"}],"author":[{"embeddable":true,"href":"https:\/\/www.mariaabrahamsson.nu\/index.php\/wp-json\/wp\/v2\/users\/2"}],"replies":[{"embeddable":true,"href":"https:\/\/www.mariaabrahamsson.nu\/index.php\/wp-json\/wp\/v2\/comments?post=5986"}],"version-history":[{"count":0,"href":"https:\/\/www.mariaabrahamsson.nu\/index.php\/wp-json\/wp\/v2\/posts\/5986\/revisions"}],"wp:attachment":[{"href":"https:\/\/www.mariaabrahamsson.nu\/index.php\/wp-json\/wp\/v2\/media?parent=5986"}],"wp:term":[{"taxonomy":"category","embeddable":true,"href":"https:\/\/www.mariaabrahamsson.nu\/index.php\/wp-json\/wp\/v2\/categories?post=5986"},{"taxonomy":"post_tag","embeddable":true,"href":"https:\/\/www.mariaabrahamsson.nu\/index.php\/wp-json\/wp\/v2\/tags?post=5986"}],"curies":[{"name":"wp","href":"https:\/\/api.w.org\/{rel}","templated":true}]}}