{"id":5938,"date":"2011-09-28T22:10:07","date_gmt":"2011-09-28T20:10:07","guid":{"rendered":"http:\/\/www.mariaabrahamsson.nu\/?p=5938"},"modified":"2011-09-29T20:30:21","modified_gmt":"2011-09-29T18:30:21","slug":"den-gapflabbande-trion-i-riksdagsfiket","status":"publish","type":"post","link":"https:\/\/www.mariaabrahamsson.nu\/index.php\/2011\/09\/28\/den-gapflabbande-trion-i-riksdagsfiket\/","title":{"rendered":"Den gapflabbande trion i riksdagsfiket"},"content":{"rendered":"<p><strong>I dag har jag haft anlednin<\/strong><strong>g<\/strong> att h\u00e4nga ovanligt flitigt i riksdagscaf\u00e9t. T\u00e4nker inte n\u00e4rmare g\u00e5 in p\u00e5 varf\u00f6r just i kv\u00e4ll men vid ett av tillf\u00e4llena kunde jag bara inte undg\u00e5 den gapflabbande gubbtrion vid bordet l\u00e4ngst in: <a href=\"http:\/\/www.expressen.se\/nyheter\/1.2373148\/kallor-till-expressen-thomas-ostros-rasande\">Thomas \u00d6stros<\/a>, <a href=\"http:\/\/www.dn.se\/nyheter\/politik\/osterberg-tvingas-ga\">Sven-Erik \u00d6sterberg<\/a> och\u00a0<a href=\"http:\/\/svtdebatt.se\/2011\/03\/helle-klein-knappast-trovardigt-baylan\/\">Ibrahim Baylan.<\/a><\/p>\n<p>S\u00e5 h\u00f6r jag Mats Knutson i kv\u00e4llens Rapports\u00e4ndning. Knutson <a href=\"http:\/\/svt.se\/2.22620\/1.2549209\/juholt_vill_skrota_kravet_pa_hojd_a-kassa?lid=puff_2549209&amp;lpos=rubrik\">rapporterar <\/a>om tumultet i den socialdemokratiska riksdagsgruppen i g\u00e5r kv\u00e4ll. Gruppledaren <a href=\"http:\/\/svt.se\/2.22620\/1.2383141\/carina_moberg_ny_gruppledare_for_s\">Carina Moberg<\/a> ska ha d\u00f6mt ut sin partiledare H\u00e5kan Juholt och partiets finansministerkandidat Tommy Waidelichs skuggbudget som underm\u00e5lig. I klartext: Den m\u00e5ste g\u00f6ras om.<\/p>\n<p><strong>Och pl\u00f6tsligt inser<\/strong> jag varf\u00f6r looser-g\u00e4nget \u00d6stros, Baylan och \u00d6sterberg var n\u00e4ra att krevera av skratt, nedsjunkna i riksdagsfikets f\u00e5t\u00f6ljer. Skadegl\u00e4dje kallas det visst.<\/p>\n<p>Sj\u00e4lv begriper jag mycket v\u00e4l varf\u00f6r Juholt-Waidelich satsar p\u00e5 att k\u00f6ra \u00f6ver partiet i bland annat\u00a0<a href=\"http:\/\/juholtssedelpress.se\/hojd-a-kassa-borttagen-bortre-parentes-och-hojt-tak-i-sjukforsakringen\/\">a-kassefr\u00e5gan<\/a>. Genom att slopa kravet p\u00e5 h\u00f6jd ers\u00e4ttningsniv\u00e5 frig\u00f6rs ekonomiskt utrymme f\u00f6r de \u00f6vriga reformer som Juholt s\u00e5 v\u00e4l beh\u00f6ver kunna locka med i kommande valr\u00f6relse.<\/p>\n","protected":false},"excerpt":{"rendered":"<p>I dag har jag haft anledning att h\u00e4nga ovanligt flitigt i riksdagscaf\u00e9t. T\u00e4nker inte n\u00e4rmare g\u00e5 in p\u00e5 varf\u00f6r just i kv\u00e4ll men vid ett av tillf\u00e4llena kunde jag bara inte undg\u00e5 den gapflabbande gubbtrion vid bordet l\u00e4ngst in: Thomas \u00d6stros, Sven-Erik \u00d6sterberg och\u00a0Ibrahim Baylan. S\u00e5 h\u00f6r jag Mats Knutson i kv\u00e4llens Rapports\u00e4ndning. Knutson rapporterar&hellip;<\/p>\n<p class=\"more-link-p\"><a class=\"more-link\" href=\"https:\/\/www.mariaabrahamsson.nu\/index.php\/2011\/09\/28\/den-gapflabbande-trion-i-riksdagsfiket\/\">Read more &rarr;<\/a><\/p>\n","protected":false},"author":2,"featured_media":0,"comment_status":"open","ping_status":"open","sticky":false,"template":"","format":"standard","meta":{"footnotes":""},"categories":[1],"tags":[],"class_list":["post-5938","post","type-post","status-publish","format-standard","hentry","category-uncategorized"],"_links":{"self":[{"href":"https:\/\/www.mariaabrahamsson.nu\/index.php\/wp-json\/wp\/v2\/posts\/5938","targetHints":{"allow":["GET"]}}],"collection":[{"href":"https:\/\/www.mariaabrahamsson.nu\/index.php\/wp-json\/wp\/v2\/posts"}],"about":[{"href":"https:\/\/www.mariaabrahamsson.nu\/index.php\/wp-json\/wp\/v2\/types\/post"}],"author":[{"embeddable":true,"href":"https:\/\/www.mariaabrahamsson.nu\/index.php\/wp-json\/wp\/v2\/users\/2"}],"replies":[{"embeddable":true,"href":"https:\/\/www.mariaabrahamsson.nu\/index.php\/wp-json\/wp\/v2\/comments?post=5938"}],"version-history":[{"count":0,"href":"https:\/\/www.mariaabrahamsson.nu\/index.php\/wp-json\/wp\/v2\/posts\/5938\/revisions"}],"wp:attachment":[{"href":"https:\/\/www.mariaabrahamsson.nu\/index.php\/wp-json\/wp\/v2\/media?parent=5938"}],"wp:term":[{"taxonomy":"category","embeddable":true,"href":"https:\/\/www.mariaabrahamsson.nu\/index.php\/wp-json\/wp\/v2\/categories?post=5938"},{"taxonomy":"post_tag","embeddable":true,"href":"https:\/\/www.mariaabrahamsson.nu\/index.php\/wp-json\/wp\/v2\/tags?post=5938"}],"curies":[{"name":"wp","href":"https:\/\/api.w.org\/{rel}","templated":true}]}}