{"id":5904,"date":"2011-09-22T22:19:44","date_gmt":"2011-09-22T20:19:44","guid":{"rendered":"http:\/\/www.mariaabrahamsson.nu\/?p=5904"},"modified":"2011-09-22T22:19:51","modified_gmt":"2011-09-22T20:19:51","slug":"annika-billstroms-dubbelmoral-firar-triumfer","status":"publish","type":"post","link":"https:\/\/www.mariaabrahamsson.nu\/index.php\/2011\/09\/22\/annika-billstroms-dubbelmoral-firar-triumfer\/","title":{"rendered":"Annika Billstr\u00f6ms dubbelmoral firar triumfer"},"content":{"rendered":"<p><strong>\u2013 Jag hade varit glad <\/strong>om hon (d\u00e5varande justitieminister Laila Freivalds) inte sagt aktivt ja i omr\u00f6stningen (dvs till ombildningen av Freivalds hyresl\u00e4genhet till bostadsr\u00e4tt). Hade det sedan \u00e4nd\u00e5 blivit ja, hade saken kommit i ett annat l\u00e4ge.<\/p>\n<p>Dubbelmoralen \u00e4r Annika Billstr\u00f6ms. D\u00e5 var hon Socialdemokratins frontfigur i Stockholms stadshus. Med sina bannbullor mot partikollegan bidrog hon till drevet som fick d\u00e5varande justitieminister Freivalds <a href=\"http:\/\/wwwc.aftonbladet.se\/nyheter\/0009\/21\/kommentar.html\">p\u00e5 fall<\/a>, trots att hon bara hade utnyttjat sig av sina lagliga m\u00f6jligheter att f\u00e5 familjens hyresr\u00e4tt omvandlad till bostadsr\u00e4tt.<\/p>\n<p><strong>I morse kunde man<\/strong> h\u00f6ra samma Annika Billstr\u00f6m <a href=\"http:\/\/sverigesradio.se\/sida\/artikel.aspx?programid=83&amp;artikel=4708590\">f\u00f6rklara <\/a>i P1 Morgon\u00a0att hon bara f\u00f6ljer lagen n\u00e4r hon lyfter\u00a054 000 kronor i m\u00e5naden i visstidspension kopplad till hennes tid som politiker, samtidigt som hon tar ut en mindre l\u00f6n fr\u00e5n sitt f\u00f6retag men en desto st\u00f6rre vinst:<\/p>\n<p>\u2013 Det finns den m\u00f6jligheten, jag f\u00f6ljer regelverket och det har naturligtvis med min privatekonomiska situation att g\u00f6ra.<\/p>\n<p><strong>Billstr\u00f6m har r\u00e4tt, <\/strong>och hennes dubbelmoral firar i dag lika stora triumfer som n\u00e4r hon f\u00f6r ett drygt decennium sedan f\u00f6rd\u00f6mde sin partikollega.<\/p>\n<p>Som vanligt handlar det om pengar. I detta fall sk\u00f6na slantar som avdankade politiker kan kvittera ut utan krav p\u00e5 motprestation. Nej, det rimmar inte med regeringens militanta arbetslinje. Men ytterst \u00e4r det faktiskt v\u00e4ljarna som best\u00e4mmer vad som g\u00e5r f\u00f6r sig och inte. S\u00e5 mycket har jag l\u00e4rt mig att som politiker kan man inte strunta i vad folk tycker och t\u00e4nker. G\u00e5r svallv\u00e5gorna tillr\u00e4ckligt h\u00f6ga i folkhavet finns det goda sk\u00e4l till ompr\u00f6vning. Det beh\u00f6vs inte j\u00e4ttestark \u00f6verlevnadsinstinkt f\u00f6r att inse det.<\/p>\n<p><strong>Men som\u00a0Svenska<\/strong> Dagbladets Per Gudmundson <a href=\"http:\/\/www.svd.se\/opinion\/ledarsidan\/politik-ska-inte-vara-en-pensionsforsakring_6489932.svd\">nyktert p\u00e5pekar<\/a>: Politik ska (f\u00f6rvisso) inte vara en &#8221;pensionsf\u00f6rs\u00e4kring&#8221;, men till vilken arbetsplats ska till exempel en statsminister \u00e5terg\u00e5?<\/p>\n<p>Det \u00e4r bekv\u00e4mt att sjunga med i populistk\u00f6rens s\u00e5ng om att slopa alla pensions- och \u00f6verg\u00e5ngsers\u00e4ttningar f\u00f6r avsuttna politiker. Men n\u00e5gon form av avg\u00e5ngsers\u00e4ttning \u00e4r faktiskt rimlig f\u00f6r en kategori anst\u00e4llda som totalt saknar anst\u00e4llningstrygghet. F\u00f6r till skillnad fr\u00e5n de flesta andra arbetstagare kan riksdagsledam\u00f6ter, partiledare och statsr\u00e5d som har varit med l\u00e4nge i den politiska hetluften, pl\u00f6tsligt en morgon vakna upp utan att ha n\u00e5got arbete att g\u00e5 till. Ja, om man inte som avg\u00e5ende v\u00e4nsterledaren Lars Ohly efter alla \u00e5r i politiken fortfarande \u00e4r tj\u00e4nstledig fr\u00e5n SJ.<\/p>\n","protected":false},"excerpt":{"rendered":"<p>\u2013 Jag hade varit glad om hon (d\u00e5varande justitieminister Laila Freivalds) inte sagt aktivt ja i omr\u00f6stningen (dvs till ombildningen av Freivalds hyresl\u00e4genhet till bostadsr\u00e4tt). Hade det sedan \u00e4nd\u00e5 blivit ja, hade saken kommit i ett annat l\u00e4ge. Dubbelmoralen \u00e4r Annika Billstr\u00f6ms. D\u00e5 var hon Socialdemokratins frontfigur i Stockholms stadshus. Med sina bannbullor mot partikollegan&hellip;<\/p>\n<p class=\"more-link-p\"><a class=\"more-link\" href=\"https:\/\/www.mariaabrahamsson.nu\/index.php\/2011\/09\/22\/annika-billstroms-dubbelmoral-firar-triumfer\/\">Read more &rarr;<\/a><\/p>\n","protected":false},"author":2,"featured_media":0,"comment_status":"open","ping_status":"open","sticky":false,"template":"","format":"standard","meta":{"footnotes":""},"categories":[1],"tags":[],"class_list":["post-5904","post","type-post","status-publish","format-standard","hentry","category-uncategorized"],"_links":{"self":[{"href":"https:\/\/www.mariaabrahamsson.nu\/index.php\/wp-json\/wp\/v2\/posts\/5904","targetHints":{"allow":["GET"]}}],"collection":[{"href":"https:\/\/www.mariaabrahamsson.nu\/index.php\/wp-json\/wp\/v2\/posts"}],"about":[{"href":"https:\/\/www.mariaabrahamsson.nu\/index.php\/wp-json\/wp\/v2\/types\/post"}],"author":[{"embeddable":true,"href":"https:\/\/www.mariaabrahamsson.nu\/index.php\/wp-json\/wp\/v2\/users\/2"}],"replies":[{"embeddable":true,"href":"https:\/\/www.mariaabrahamsson.nu\/index.php\/wp-json\/wp\/v2\/comments?post=5904"}],"version-history":[{"count":0,"href":"https:\/\/www.mariaabrahamsson.nu\/index.php\/wp-json\/wp\/v2\/posts\/5904\/revisions"}],"wp:attachment":[{"href":"https:\/\/www.mariaabrahamsson.nu\/index.php\/wp-json\/wp\/v2\/media?parent=5904"}],"wp:term":[{"taxonomy":"category","embeddable":true,"href":"https:\/\/www.mariaabrahamsson.nu\/index.php\/wp-json\/wp\/v2\/categories?post=5904"},{"taxonomy":"post_tag","embeddable":true,"href":"https:\/\/www.mariaabrahamsson.nu\/index.php\/wp-json\/wp\/v2\/tags?post=5904"}],"curies":[{"name":"wp","href":"https:\/\/api.w.org\/{rel}","templated":true}]}}