{"id":5882,"date":"2011-09-18T17:55:53","date_gmt":"2011-09-18T15:55:53","guid":{"rendered":"http:\/\/www.mariaabrahamsson.nu\/?p=5882"},"modified":"2011-09-18T18:05:00","modified_gmt":"2011-09-18T16:05:00","slug":"pa-klimatet-kan-man-ocksa-tjana-storkovan-i-alla-fall-i-freiburg","status":"publish","type":"post","link":"https:\/\/www.mariaabrahamsson.nu\/index.php\/2011\/09\/18\/pa-klimatet-kan-man-ocksa-tjana-storkovan-i-alla-fall-i-freiburg\/","title":{"rendered":"P\u00e5 klimatet kan man ocks\u00e5 tj\u00e4na storkovan &#8230; i alla fall i Freiburg"},"content":{"rendered":"<p><a href=\"http:\/\/www.mariaabrahamsson.nu\/wp-content\/uploads\/2011\/09\/Septemberbrasa.jpeg\"><img loading=\"lazy\" decoding=\"async\" class=\"alignright size-medium wp-image-5883\" title=\"Septemberbrasa\" src=\"http:\/\/www.mariaabrahamsson.nu\/wp-content\/uploads\/2011\/09\/Septemberbrasa-300x168.jpg\" alt=\"\" width=\"300\" height=\"168\" srcset=\"https:\/\/www.mariaabrahamsson.nu\/wp-content\/uploads\/2011\/09\/Septemberbrasa-300x168.jpg 300w, https:\/\/www.mariaabrahamsson.nu\/wp-content\/uploads\/2011\/09\/Septemberbrasa-1024x576.jpg 1024w, https:\/\/www.mariaabrahamsson.nu\/wp-content\/uploads\/2011\/09\/Septemberbrasa.jpeg 1600w\" sizes=\"auto, (max-width: 300px) 100vw, 300px\" \/><\/a><strong>Medan m\u00e5nen i g\u00e5r kv\u00e4ll<\/strong> segade sig upp \u00f6ver hygget l\u00e4ngs med skogskammen tv\u00e4rs\u00f6ver berget d\u00e4r vi huserar, avhandlade maken, jag och v\u00e4nnen Hans (bilden) s\u00e5v\u00e4l r\u00e4ttsl\u00e4get i Svedala, det blir ofta s\u00e5 n\u00e4r jurister kommer samman, som k\u00f6ttets kvalitet p\u00e5 grillgallret \u00a0och vad som m\u00e5ste till f\u00f6r att man som 65-\u00e5ring ska vilja jobba \u00e4nnu l\u00e4ngre.<\/p>\n<p>Nej, det sistn\u00e4mnda \u00e4mnet engagerar v\u00e4l inte mig \u00f6verdrivet mycket, men man m\u00e5ste ju \u00e4nd\u00e5 visa sitt deltagande, typ.<\/p>\n<p><a href=\"http:\/\/www.mariaabrahamsson.nu\/wp-content\/uploads\/2011\/09\/Skogsbrasa.jpeg\"><img loading=\"lazy\" decoding=\"async\" class=\"alignleft size-medium wp-image-5884\" title=\"Skogsbrasa\" src=\"http:\/\/www.mariaabrahamsson.nu\/wp-content\/uploads\/2011\/09\/Skogsbrasa-300x225.jpg\" alt=\"\" width=\"300\" height=\"225\" srcset=\"https:\/\/www.mariaabrahamsson.nu\/wp-content\/uploads\/2011\/09\/Skogsbrasa-300x225.jpg 300w, https:\/\/www.mariaabrahamsson.nu\/wp-content\/uploads\/2011\/09\/Skogsbrasa.jpeg 640w\" sizes=\"auto, (max-width: 300px) 100vw, 300px\" \/><\/a><strong>Om det i g\u00e5r kv\u00e4ll <\/strong>brann fint i grillen, vilket det gjorde v\u00e4ldigt l\u00e4nge att d\u00f6ma av den sena uppstigningen i morse, s\u00e5 brinner det denna regniga s\u00f6ndagseftermiddag alla tiders i de av inte minst mig (!) under fjol\u00e5ret m\u00f6dosamt ihopsamlade kvist-, stock- och rish\u00f6garna.<\/p>\n<p>Visst f\u00f6rst\u00e5r jag att skogs\u00e4gare vill tj\u00e4na pengar p\u00e5 sina tr\u00e4d men det h\u00e4r med skogsavverkning &#8211; och behovet av <a href=\"http:\/\/sv.wikipedia.org\/wiki\/Slutavverkning\">&#8221;f\u00f6ryngringsytor&#8221;<\/a> &#8211; \u00a0kan \u00e4nd\u00e5 k\u00e4nnas sm\u00e5jobbigt f\u00f6r oss storstadstorpare som inte \u00e4ger &#8221;v\u00e5r&#8221; skog.<\/p>\n<p><strong>P\u00e5 tal om skog, milj\u00f6, klimat<\/strong> och liknande bes\u00f6kte vi moderater i Civilutskottet helt nyligen tyska <a href=\"http:\/\/maps.google.com\/maps?client=safari&amp;rls=en&amp;q=freiburg&amp;oe=UTF-8&amp;um=1&amp;ie=UTF-8&amp;hq=&amp;hnear=0x47911b26560bd665:0x41f6bb7a5df57b0,Freiburg+im+Breisgau,+Tyskland&amp;ei=mAt2TrmRB9OHhQfD9NmtDA&amp;sa=X&amp;oi=geocode_result&amp;ct=title&amp;resnum=1&amp;ved=0CDcQ8gEwAA\">Freiburg<\/a>. Nej, det \u00e4r inget st\u00e4lle man bara reser till s\u00e5 d\u00e4r, men nu skulle vi allts\u00e5 studera <a href=\"http:\/\/folket.se\/nyheter\/eskilstuna\/1.1052871\">klimatsmart stadsplanering<\/a> i frontlinjen och d\u00e5 \u00e5ker man dit, uppfattade i alla fall jag det som.<\/p>\n<p><a href=\"http:\/\/www.mariaabrahamsson.nu\/wp-content\/uploads\/2011\/09\/F\u00f6rel\u00e4sning-p\u00e5-Bugginger-Strasse-50..jpeg\"><img loading=\"lazy\" decoding=\"async\" class=\"alignleft size-medium wp-image-5885\" title=\"F\u00f6rel\u00e4sning p\u00e5 Bugginger Strasse 50.\" src=\"http:\/\/www.mariaabrahamsson.nu\/wp-content\/uploads\/2011\/09\/F\u00f6rel\u00e4sning-p\u00e5-Bugginger-Strasse-50.-225x300.jpg\" alt=\"\" width=\"225\" height=\"300\" srcset=\"https:\/\/www.mariaabrahamsson.nu\/wp-content\/uploads\/2011\/09\/F\u00f6rel\u00e4sning-p\u00e5-Bugginger-Strasse-50.-225x300.jpg 225w, https:\/\/www.mariaabrahamsson.nu\/wp-content\/uploads\/2011\/09\/F\u00f6rel\u00e4sning-p\u00e5-Bugginger-Strasse-50..jpeg 480w\" sizes=\"auto, (max-width: 225px) 100vw, 225px\" \/><\/a>P\u00e5 bilden ser ni nosen p\u00e5 moderatkollegan\u00a0<a href=\"http:\/\/www.riksdagen.se\/webbnav\/index.aspx?nid=1111&amp;iid=0338458649710\">Anti Avsan<\/a>,\u00a0ryggen p\u00e5 v\u00e5r kommitt\u00e9handl\u00e4ggare Margareta Wilhelmsson (t v) och partikompisen <a href=\"http:\/\/www.riksdagen.se\/webbnav\/index.aspx?nid=1111&amp;iid=0472335069513\">Eva Bengtson Skogsberg<\/a>, och v\u00e5r klimatsmarta guide <a href=\"http:\/\/www.innovation-academy.de\/en\/about-us\/speakers.html\">Hans-J\u00f6rg Schwander<\/a> (man f\u00e5r skrolla ner en bit f\u00f6r att hitta honom).<\/p>\n<p>Som alltid n\u00e4r jag tr\u00e4ffar s\u00e5 kallade eldsj\u00e4lar, till den kretsen h\u00f6r Schwander, blir jag misst\u00e4nksam. F\u00f6r vad \u00e4r det som driver dem egentligen?<\/p>\n<p><strong>Sj\u00e4lvklart tog jag intryck <\/strong>av Hans-J\u00f6rgs djupt bekymrade min n\u00e4r han ber\u00e4ttade om sin ton\u00e5rsdotters maniska duschande, det vill s\u00e4ga hon tar en dusch varje dag. Vem g\u00f6r inte det, t\u00e4nkte jag och ins\u00e5g att absolut kan \u00e4ven jag skruva ner p\u00e5 skvalandet i badrummet.<\/p>\n<p>Mer tveksam, f\u00f6r att inte s\u00e4ga tvivlande, blev jag till Hans-J\u00f6rgs entusiastiska prat om att befolkningen i m\u00f6nsterf\u00f6rorten Riesenfeld, tack vare stadsplaneringen inte l\u00e4ngre beh\u00f6ver ha egna bilar utan numera tar sig fram p\u00e5 mer klimatv\u00e4nligt kollektivt s\u00e4tt.\u00a0S\u00e5 lustigt d\u00e5 att det var s\u00e5 m\u00e5nga bilar parkerade utanf\u00f6r radhusl\u00e4ngorna eftermiddagen som vi i den moderata civilkommitt\u00e9n h\u00e4lsade p\u00e5 i Riesenfeld.<\/p>\n<p><strong>Mitt mest best\u00e5ende intryck<\/strong> fr\u00e5n Freiburg \u00e4r \u00e4nd\u00e5 den mystiska byggnaden nedan. D\u00e4r tog Hans-J\u00f6rg Schwander emot oss och undervisade om hur man i egenskap av militant motst\u00e5ndare till allt vad kapitalism och privat f\u00f6retagsamhet heter \u00e4nd\u00e5 kan livn\u00e4ra sig p\u00e5 att till en fet penning undervisa m\u00e4nskligheten om hur den b\u00f6r leva mest klimatsmart. <a href=\"http:\/\/blog.svd.se\/ledarbloggen\/2007\/02\/21\/gudrun-schyman-ar-ett-akta-fodgeni\/\">F\u00f6dgeni <\/a>kallar jag s\u00e5nt.<\/p>\n<p><a href=\"http:\/\/www.mariaabrahamsson.nu\/wp-content\/uploads\/2011\/09\/Mysko-f\u00f6rel\u00e4sningssal.jpeg\"><img loading=\"lazy\" decoding=\"async\" title=\"Mysko f\u00f6rel\u00e4sningssal\" src=\"http:\/\/www.mariaabrahamsson.nu\/wp-content\/uploads\/2011\/09\/Mysko-f\u00f6rel\u00e4sningssal-225x300.jpg\" alt=\"\" width=\"225\" height=\"300\" \/><\/a><\/p>\n","protected":false},"excerpt":{"rendered":"<p>Medan m\u00e5nen i g\u00e5r kv\u00e4ll segade sig upp \u00f6ver hygget l\u00e4ngs med skogskammen tv\u00e4rs\u00f6ver berget d\u00e4r vi huserar, avhandlade maken, jag och v\u00e4nnen Hans (bilden) s\u00e5v\u00e4l r\u00e4ttsl\u00e4get i Svedala, det blir ofta s\u00e5 n\u00e4r jurister kommer samman, som k\u00f6ttets kvalitet p\u00e5 grillgallret \u00a0och vad som m\u00e5ste till f\u00f6r att man som 65-\u00e5ring ska vilja jobba&hellip;<\/p>\n<p class=\"more-link-p\"><a class=\"more-link\" href=\"https:\/\/www.mariaabrahamsson.nu\/index.php\/2011\/09\/18\/pa-klimatet-kan-man-ocksa-tjana-storkovan-i-alla-fall-i-freiburg\/\">Read more &rarr;<\/a><\/p>\n","protected":false},"author":2,"featured_media":0,"comment_status":"open","ping_status":"open","sticky":false,"template":"","format":"standard","meta":{"footnotes":""},"categories":[1],"tags":[],"class_list":["post-5882","post","type-post","status-publish","format-standard","hentry","category-uncategorized"],"_links":{"self":[{"href":"https:\/\/www.mariaabrahamsson.nu\/index.php\/wp-json\/wp\/v2\/posts\/5882","targetHints":{"allow":["GET"]}}],"collection":[{"href":"https:\/\/www.mariaabrahamsson.nu\/index.php\/wp-json\/wp\/v2\/posts"}],"about":[{"href":"https:\/\/www.mariaabrahamsson.nu\/index.php\/wp-json\/wp\/v2\/types\/post"}],"author":[{"embeddable":true,"href":"https:\/\/www.mariaabrahamsson.nu\/index.php\/wp-json\/wp\/v2\/users\/2"}],"replies":[{"embeddable":true,"href":"https:\/\/www.mariaabrahamsson.nu\/index.php\/wp-json\/wp\/v2\/comments?post=5882"}],"version-history":[{"count":0,"href":"https:\/\/www.mariaabrahamsson.nu\/index.php\/wp-json\/wp\/v2\/posts\/5882\/revisions"}],"wp:attachment":[{"href":"https:\/\/www.mariaabrahamsson.nu\/index.php\/wp-json\/wp\/v2\/media?parent=5882"}],"wp:term":[{"taxonomy":"category","embeddable":true,"href":"https:\/\/www.mariaabrahamsson.nu\/index.php\/wp-json\/wp\/v2\/categories?post=5882"},{"taxonomy":"post_tag","embeddable":true,"href":"https:\/\/www.mariaabrahamsson.nu\/index.php\/wp-json\/wp\/v2\/tags?post=5882"}],"curies":[{"name":"wp","href":"https:\/\/api.w.org\/{rel}","templated":true}]}}