{"id":5859,"date":"2011-09-14T23:40:48","date_gmt":"2011-09-14T21:40:48","guid":{"rendered":"http:\/\/www.mariaabrahamsson.nu\/?p=5859"},"modified":"2011-09-14T23:53:14","modified_gmt":"2011-09-14T21:53:14","slug":"annu-en-riksdagstermin-star-for-dorren","status":"publish","type":"post","link":"https:\/\/www.mariaabrahamsson.nu\/index.php\/2011\/09\/14\/annu-en-riksdagstermin-star-for-dorren\/","title":{"rendered":"\u00c4nnu en riksdagstermin st\u00e5r f\u00f6r d\u00f6rren"},"content":{"rendered":"<p><strong>I morgon<\/strong> <a href=\"http:\/\/www.riksdagen.se\/Webbnav\/index.aspx?nid=45&amp;sq=1&amp;ID=hfzjfa7DB_9_C\">\u00e5tersamlas<\/a> riksdagen efter sommaruppeh\u00e5llet. Klockan 11.00 \u00e4r det upprop i kammaren. D\u00e4refter f\u00f6ljer en\u00a0<a href=\"http:\/\/www.svd.se\/nyheter\/inrikes\/imam-i-storkyrkan-uppror-sd_6468642.svd\">interreligi\u00f6s<\/a> gudstj\u00e4nst i Storkyrkan. \u00c5ter i plenisalen (b\u00e4nkarna ska vara intagna 13.45) \u00f6ppnar Kungen riksm\u00f6tet 2011\/12, cirka 14.20 b\u00f6rjar statsministern att l\u00e4sa upp regeringsf\u00f6rklaringen. Sedan, n\u00e5gon g\u00e5ng runt klockan 15, vidtar h\u00f6stens namntungaste mingel i <a href=\"http:\/\/www.google.com\/imgres?q=sammanbindningsbanan&amp;um=1&amp;hl=sv&amp;client=safari&amp;sa=N&amp;rls=en&amp;biw=1201&amp;bih=578&amp;tbm=isch&amp;tbnid=D-Q3ecrqZO2XmM:&amp;imgrefurl=http:\/\/www.riksdagensveteranforening.se\/kontakt\/&amp;docid=4A-ZJQ9nlgbhSM&amp;w=550&amp;h=293&amp;ei=ZwRxTtGxIs7vsgbahrykBw&amp;zoom=1&amp;iact=hc&amp;vpx=717&amp;vpy=156&amp;dur=194&amp;hovh=164&amp;hovw=308&amp;tx=161&amp;ty=91&amp;page=1&amp;tbnh=83&amp;tbnw=156&amp;start=0&amp;ndsp=19&amp;ved=1t:429,r:4,s:0\">Sammanbindningsbanan<\/a>.<\/p>\n<p>M\u00e5ste jag v\u00e4lja hoppas jag mest p\u00e5 en vimmelminut eller tv\u00e5 med F\u00f6rs\u00e4kringskassans nya generaldirekt\u00f6r Dan Eliasson.\u00a0Den mannen \u00e4r allt annat \u00e4n\u00a0<a href=\"http:\/\/svt.se\/2.22620\/1.2532737\/fran_punkare_till_generaldirektor\">f\u00f6ruts\u00e4gbar!<\/a><\/p>\n<p><strong>Annars b\u00f6rjade denna<\/strong> onsdag med sammantr\u00e4de i Domarn\u00e4mnden. I klartext betyder det att vi ledam\u00f6ter infinner oss r\u00f6d\u00f6gda efter en natts genomg\u00e5ng av en snudd p\u00e5 halvmetern h\u00f6g lunta av handlingar. Det b\u00f6rjar g\u00e5 upp \u00e4ven f\u00f6r mig hur l\u00e4ttad man m\u00e5ste vara p\u00e5 justitiedepartementet \u00f6ver nyordningen med att l\u00e5ta Domarn\u00e4mnden &#8211; i st\u00e4llet f\u00f6r departementet &#8211; hantera ans\u00f6kningarna till alla lediga domartj\u00e4nster, som p\u00e5 grund av pensionsavg\u00e5ngarna m\u00e5ste \u00e5terbes\u00e4ttas i allt snabbare takt.<\/p>\n<p>I halvtid, lagom till lunch, var det dags f\u00f6r mig att pinna \u00f6ver fr\u00e5n Domarn\u00e4mnden p\u00e5 Riddarholmen till Andrakammarsalen i riksdagshuset. Jag hann precis f\u00f6rbi tj\u00e4nsterummet i ledamotshuset f\u00f6r att kolla &#8230; ja, vad d\u00e5? Allt man beh\u00f6ver kolla i korrespondensv\u00e4g kan man ju numera kolla i telefonen?!<\/p>\n<p><strong>Hur som helst, jag<\/strong> ansl\u00f6t klockan 13 till den moderata riksdagsgruppen som g\u00e4stades av s\u00e5v\u00e4l finansministern och partisekreteraren som statsministern. Men f\u00f6rst av alla tog v\u00e5r gruppledare <a href=\"http:\/\/annakinbergbatra.blogspot.com\/\">Anna Kinberg Batra <\/a>till orda.\u00a0Den kvinnan vinner alltmer respekt!<\/p>\n<p>Varf\u00f6r? Jag kan tyv\u00e4rr inte ber\u00e4tta det, f\u00f6r det som s\u00e4gs och sker i riksdagsgruppen \u00e4r och f\u00f6rblir hemligt.<\/p>\n<p><a href=\"http:\/\/svt.se\/2.22620\/1.2532737\/fran_punkare_till_generaldirektor\"> <\/a><\/p>\n","protected":false},"excerpt":{"rendered":"<p>I morgon \u00e5tersamlas riksdagen efter sommaruppeh\u00e5llet. Klockan 11.00 \u00e4r det upprop i kammaren. D\u00e4refter f\u00f6ljer en\u00a0interreligi\u00f6s gudstj\u00e4nst i Storkyrkan. \u00c5ter i plenisalen (b\u00e4nkarna ska vara intagna 13.45) \u00f6ppnar Kungen riksm\u00f6tet 2011\/12, cirka 14.20 b\u00f6rjar statsministern att l\u00e4sa upp regeringsf\u00f6rklaringen. Sedan, n\u00e5gon g\u00e5ng runt klockan 15, vidtar h\u00f6stens namntungaste mingel i Sammanbindningsbanan. M\u00e5ste jag v\u00e4lja hoppas&hellip;<\/p>\n<p class=\"more-link-p\"><a class=\"more-link\" href=\"https:\/\/www.mariaabrahamsson.nu\/index.php\/2011\/09\/14\/annu-en-riksdagstermin-star-for-dorren\/\">Read more &rarr;<\/a><\/p>\n","protected":false},"author":2,"featured_media":0,"comment_status":"open","ping_status":"open","sticky":false,"template":"","format":"standard","meta":{"footnotes":""},"categories":[1],"tags":[],"class_list":["post-5859","post","type-post","status-publish","format-standard","hentry","category-uncategorized"],"_links":{"self":[{"href":"https:\/\/www.mariaabrahamsson.nu\/index.php\/wp-json\/wp\/v2\/posts\/5859","targetHints":{"allow":["GET"]}}],"collection":[{"href":"https:\/\/www.mariaabrahamsson.nu\/index.php\/wp-json\/wp\/v2\/posts"}],"about":[{"href":"https:\/\/www.mariaabrahamsson.nu\/index.php\/wp-json\/wp\/v2\/types\/post"}],"author":[{"embeddable":true,"href":"https:\/\/www.mariaabrahamsson.nu\/index.php\/wp-json\/wp\/v2\/users\/2"}],"replies":[{"embeddable":true,"href":"https:\/\/www.mariaabrahamsson.nu\/index.php\/wp-json\/wp\/v2\/comments?post=5859"}],"version-history":[{"count":0,"href":"https:\/\/www.mariaabrahamsson.nu\/index.php\/wp-json\/wp\/v2\/posts\/5859\/revisions"}],"wp:attachment":[{"href":"https:\/\/www.mariaabrahamsson.nu\/index.php\/wp-json\/wp\/v2\/media?parent=5859"}],"wp:term":[{"taxonomy":"category","embeddable":true,"href":"https:\/\/www.mariaabrahamsson.nu\/index.php\/wp-json\/wp\/v2\/categories?post=5859"},{"taxonomy":"post_tag","embeddable":true,"href":"https:\/\/www.mariaabrahamsson.nu\/index.php\/wp-json\/wp\/v2\/tags?post=5859"}],"curies":[{"name":"wp","href":"https:\/\/api.w.org\/{rel}","templated":true}]}}