{"id":5838,"date":"2011-09-11T00:46:49","date_gmt":"2011-09-10T22:46:49","guid":{"rendered":"http:\/\/www.mariaabrahamsson.nu\/?p=5838"},"modified":"2011-09-11T00:51:26","modified_gmt":"2011-09-10T22:51:26","slug":"den-11-september-firar-m-kvinnorna-i-stan-100-ar","status":"publish","type":"post","link":"https:\/\/www.mariaabrahamsson.nu\/index.php\/2011\/09\/11\/den-11-september-firar-m-kvinnorna-i-stan-100-ar\/","title":{"rendered":"Den 11 september firar M-kvinnorna i stan 100 \u00e5r"},"content":{"rendered":"<p><strong>TV-apparaten st\u00e5r<\/strong> som vanligt p\u00e5. Ett flygplan k\u00f6r in i ett av de tv\u00e5 tornen. P\u00e5 Svenskans ledarredaktion sitter vi och pular med v\u00e5ra texter. Claes Arvidsson, kollegan med expertfokus p\u00e5 utrikspolitiken, \u00e4r genomf\u00f6rkyld och skriver snorandes p\u00e5 &#8211; om jag minns r\u00e4tt &#8211; n\u00e5gon Norgegrej. S\u00e5 kommer nyhetschefen <a href=\"http:\/\/www.aktavara.org\/\">Mats-Eric Nilsson<\/a> (numera i kokboksbranschen) springande och undrar uppjagad om vi t\u00e4nker g\u00f6ra om sidan? Ehhh, varf\u00f6r d\u00e5 undrar vi yrvaket? Uppgifterna m\u00e5ste v\u00e4l i vanlig ordning \u00e4nd\u00e5 bekr\u00e4ftas?<\/p>\n<p>Det har g\u00e5tt tio \u00e5r och hela s\u00f6ndagen kommer att handla om v\u00e4rldstraumat. SVT s\u00e4nder fr\u00e5n arla <a href=\"http:\/\/svt.se\/2.22584\/1.2525683\/sa_satsar_svt_pa_11_september_-_dagen_som_forandrade_varlden\">morgonstund<\/a> p\u00e5 temat dagen som f\u00f6r\u00e4ndrade v\u00e4rlden. Det \u00e4r helt i sin ordning.<\/p>\n<p><strong>Sj\u00e4lv ska jag delta<\/strong> i ett panelsamtal om kvinnors villkor f\u00f6rr, nu och i framtiden med anledning av Moderatkvinnorna i Stockholms 100-\u00e5rsjubileum. Det kan tyckas smakl\u00f6st att\u00a0firandet \u00e4ger rum h\u00f6gst upp i <a href=\"http:\/\/www.restauranghimlen.se\/\">Skrapan<\/a> p\u00e5 S\u00f6dermalm (klockan 11.30-13.00).<\/p>\n<p>\u00c5 andra sidan har jag sv\u00e5rt att t\u00e4nka mig en mer symboltyngd plats h\u00e4r i stan\u00a0att f\u00f6rl\u00e4gga en seminaries\u00f6ndag om m\u00e4nskliga r\u00e4ttigheter och kvinnors r\u00e4tt att ta plats, p\u00e5 dagen 10 \u00e5r efter terrorattentatet mot den civiliserade v\u00e4rlden.<\/p>\n","protected":false},"excerpt":{"rendered":"<p>TV-apparaten st\u00e5r som vanligt p\u00e5. Ett flygplan k\u00f6r in i ett av de tv\u00e5 tornen. P\u00e5 Svenskans ledarredaktion sitter vi och pular med v\u00e5ra texter. Claes Arvidsson, kollegan med expertfokus p\u00e5 utrikspolitiken, \u00e4r genomf\u00f6rkyld och skriver snorandes p\u00e5 &#8211; om jag minns r\u00e4tt &#8211; n\u00e5gon Norgegrej. S\u00e5 kommer nyhetschefen Mats-Eric Nilsson (numera i kokboksbranschen) springande&hellip;<\/p>\n<p class=\"more-link-p\"><a class=\"more-link\" href=\"https:\/\/www.mariaabrahamsson.nu\/index.php\/2011\/09\/11\/den-11-september-firar-m-kvinnorna-i-stan-100-ar\/\">Read more &rarr;<\/a><\/p>\n","protected":false},"author":2,"featured_media":0,"comment_status":"open","ping_status":"open","sticky":false,"template":"","format":"standard","meta":{"footnotes":""},"categories":[1],"tags":[],"class_list":["post-5838","post","type-post","status-publish","format-standard","hentry","category-uncategorized"],"_links":{"self":[{"href":"https:\/\/www.mariaabrahamsson.nu\/index.php\/wp-json\/wp\/v2\/posts\/5838","targetHints":{"allow":["GET"]}}],"collection":[{"href":"https:\/\/www.mariaabrahamsson.nu\/index.php\/wp-json\/wp\/v2\/posts"}],"about":[{"href":"https:\/\/www.mariaabrahamsson.nu\/index.php\/wp-json\/wp\/v2\/types\/post"}],"author":[{"embeddable":true,"href":"https:\/\/www.mariaabrahamsson.nu\/index.php\/wp-json\/wp\/v2\/users\/2"}],"replies":[{"embeddable":true,"href":"https:\/\/www.mariaabrahamsson.nu\/index.php\/wp-json\/wp\/v2\/comments?post=5838"}],"version-history":[{"count":0,"href":"https:\/\/www.mariaabrahamsson.nu\/index.php\/wp-json\/wp\/v2\/posts\/5838\/revisions"}],"wp:attachment":[{"href":"https:\/\/www.mariaabrahamsson.nu\/index.php\/wp-json\/wp\/v2\/media?parent=5838"}],"wp:term":[{"taxonomy":"category","embeddable":true,"href":"https:\/\/www.mariaabrahamsson.nu\/index.php\/wp-json\/wp\/v2\/categories?post=5838"},{"taxonomy":"post_tag","embeddable":true,"href":"https:\/\/www.mariaabrahamsson.nu\/index.php\/wp-json\/wp\/v2\/tags?post=5838"}],"curies":[{"name":"wp","href":"https:\/\/api.w.org\/{rel}","templated":true}]}}