{"id":5816,"date":"2011-09-05T22:09:17","date_gmt":"2011-09-05T20:09:17","guid":{"rendered":"http:\/\/www.mariaabrahamsson.nu\/?p=5816"},"modified":"2011-09-05T22:09:26","modified_gmt":"2011-09-05T20:09:26","slug":"tre-journalistsamtal-samma-dag-sa-ar-det-att-vara-politiker","status":"publish","type":"post","link":"https:\/\/www.mariaabrahamsson.nu\/index.php\/2011\/09\/05\/tre-journalistsamtal-samma-dag-sa-ar-det-att-vara-politiker\/","title":{"rendered":"Tre journalistsamtal samma dag, s\u00e5 \u00e4r det att vara politiker"},"content":{"rendered":"<p><strong>Finansmarknadsminister <\/strong>Peter Norman m\u00e5ste vara nyinflyttad p\u00e5 S\u00f6der?! I vilket fall har jag aldrig tidigare m\u00f6tt honom p\u00e5 Hornsgatan, men i kv\u00e4ll p\u00e5 v\u00e4g hem fr\u00e5n tj\u00e4nsterummet i riksdagshuset morsade jag allts\u00e5 p\u00e5 honom i h\u00f6jd med Mariatorget.<\/p>\n<p>Men m\u00e4rkv\u00e4rdigast med den h\u00e4r m\u00e5ndagen \u00e4r nog \u00e4nd\u00e5 mina tre samtal med journalister. Det b\u00f6rjar g\u00e5 upp f\u00f6r mig att jag numera faktiskt \u00e4r &#8230; politiker, och s\u00e5dana vill mediefolk g\u00e4rna &#8230; s\u00e4tta dit.<\/p>\n<p><strong>Den f\u00f6rsta<\/strong> p\u00e5ringningen var av karakt\u00e4ren &#8221;hej-jag-ringer-till-dig-bara-f\u00f6r-att-dubbelchecka-en-uppgift-som-jag-i-och-f\u00f6r-sig-redan-vet&#8221;. Resultatet kan ni l\u00e4sa\u00a0<a href=\"http:\/\/blog.svd.se\/politikdirekt\/2011\/09\/m-ledning-avvisar-lag-om-insyn-i-partibidragen-erfar-svd\/\">h\u00e4r<\/a>. Bakgrunden \u00e4r att\u00a0jag i en\u00a0motion till <a href=\"http:\/\/www.moderat.se\/web\/Partistamman2011.aspx\">partist\u00e4mman i h\u00f6st<\/a> uppmanar mitt parti att <a href=\"http:\/\/www.expressen.se\/debatt\/1.2429595\/maria-abrahamsson-lat-oss-lagstifta-om-partibidragen\">bejaka<\/a> kraven p\u00e5\u00a0en lagreglerad redovisningsskyldighet av privata partibidragsgivare.<\/p>\n<p>Som nummer 2 ringde\u00a0en journalist fr\u00e5n Expressen. Hon ville, som hon sa, bara ha ett bakgrundssamtal om hur man som kvinna tar sig fram som politiker i Moderaterna. \u00c4r man genuint motarbetad av m\u00e4n, f\u00f6rekommer det kvinnligt n\u00e4tverkande, och \u00e4gnar sig partiet \u00e4nd\u00e5 inte \u00e5t kvotering i smyg?<\/p>\n<p><strong>Gissar att jag<\/strong> gjorde journalisten besviken. F\u00f6r tv\u00e4rtemot hennes arbetshypotes lyfte jag fram den utm\u00e4rkta kompetensen som finns hos s\u00e5v\u00e4l bist\u00e5ndsminister Gunilla Carlsson som hos gruppledaren och tillika finansutskottets ordf\u00f6rande Anna Kinberg Batra. Bara f\u00f6r att n\u00e4mna n\u00e5gra av partiets dugliga f\u00f6retr\u00e4dare som dessutom r\u00e5kar vara kvinnor! Jod\u00e5, journalisten lovade att \u00e5terkomma f\u00f6r det fall det skulle bli aktuellt med &#8221;citat&#8221;. Skulle inte tro att det blir det &#8230;<\/p>\n<p>Det tredje samtalet kom strax efter \u00e5tta i kv\u00e4ll. En (manlig) Eko-reporter hade l\u00e4st i\u00a0<a href=\"http:\/\/blog.svd.se\/politikdirekt\/2011\/09\/m-ledning-avvisar-lag-om-insyn-i-partibidragen-erfar-svd\/\">Svenskan<\/a> om min motion till partist\u00e4mman och uppmanade mig att &#8221;sl\u00e4ppa loss&#8221; och &#8221;spekulera fritt&#8221; om rikingarna som efter valet 2002 har sk\u00e4nkt pengar till De nya moderaterna.<\/p>\n<p><strong>S\u00e5 hyggligt av Ekot att <\/strong>uppm\u00e4rksamma min motion, men sorry. F\u00f6r helt \u00e4rligt kan jag om\u00f6jligt s\u00e4ga n\u00e5got om saken s\u00e5 l\u00e4nge som redovisningen av partibidragen \u00e4r hemlig. Men visst, det\u00a0\u00e4r genant att mitt parti inte ocks\u00e5 i det avseendet vill \u00f6ppna sig gentemot omv\u00e4rlden.<\/p>\n","protected":false},"excerpt":{"rendered":"<p>Finansmarknadsminister Peter Norman m\u00e5ste vara nyinflyttad p\u00e5 S\u00f6der?! I vilket fall har jag aldrig tidigare m\u00f6tt honom p\u00e5 Hornsgatan, men i kv\u00e4ll p\u00e5 v\u00e4g hem fr\u00e5n tj\u00e4nsterummet i riksdagshuset morsade jag allts\u00e5 p\u00e5 honom i h\u00f6jd med Mariatorget. Men m\u00e4rkv\u00e4rdigast med den h\u00e4r m\u00e5ndagen \u00e4r nog \u00e4nd\u00e5 mina tre samtal med journalister. Det b\u00f6rjar g\u00e5&hellip;<\/p>\n<p class=\"more-link-p\"><a class=\"more-link\" href=\"https:\/\/www.mariaabrahamsson.nu\/index.php\/2011\/09\/05\/tre-journalistsamtal-samma-dag-sa-ar-det-att-vara-politiker\/\">Read more &rarr;<\/a><\/p>\n","protected":false},"author":2,"featured_media":0,"comment_status":"open","ping_status":"open","sticky":false,"template":"","format":"standard","meta":{"footnotes":""},"categories":[1],"tags":[],"class_list":["post-5816","post","type-post","status-publish","format-standard","hentry","category-uncategorized"],"_links":{"self":[{"href":"https:\/\/www.mariaabrahamsson.nu\/index.php\/wp-json\/wp\/v2\/posts\/5816","targetHints":{"allow":["GET"]}}],"collection":[{"href":"https:\/\/www.mariaabrahamsson.nu\/index.php\/wp-json\/wp\/v2\/posts"}],"about":[{"href":"https:\/\/www.mariaabrahamsson.nu\/index.php\/wp-json\/wp\/v2\/types\/post"}],"author":[{"embeddable":true,"href":"https:\/\/www.mariaabrahamsson.nu\/index.php\/wp-json\/wp\/v2\/users\/2"}],"replies":[{"embeddable":true,"href":"https:\/\/www.mariaabrahamsson.nu\/index.php\/wp-json\/wp\/v2\/comments?post=5816"}],"version-history":[{"count":0,"href":"https:\/\/www.mariaabrahamsson.nu\/index.php\/wp-json\/wp\/v2\/posts\/5816\/revisions"}],"wp:attachment":[{"href":"https:\/\/www.mariaabrahamsson.nu\/index.php\/wp-json\/wp\/v2\/media?parent=5816"}],"wp:term":[{"taxonomy":"category","embeddable":true,"href":"https:\/\/www.mariaabrahamsson.nu\/index.php\/wp-json\/wp\/v2\/categories?post=5816"},{"taxonomy":"post_tag","embeddable":true,"href":"https:\/\/www.mariaabrahamsson.nu\/index.php\/wp-json\/wp\/v2\/tags?post=5816"}],"curies":[{"name":"wp","href":"https:\/\/api.w.org\/{rel}","templated":true}]}}