{"id":5760,"date":"2011-08-30T11:04:27","date_gmt":"2011-08-30T09:04:27","guid":{"rendered":"http:\/\/www.mariaabrahamsson.nu\/?p=5760"},"modified":"2011-08-30T11:13:30","modified_gmt":"2011-08-30T09:13:30","slug":"efter-p1-morgons-avhaning-maste-jag-bara-kopa-adaktussons-bok","status":"publish","type":"post","link":"https:\/\/www.mariaabrahamsson.nu\/index.php\/2011\/08\/30\/efter-p1-morgons-avhaning-maste-jag-bara-kopa-adaktussons-bok\/","title":{"rendered":"Efter P1 Morgons avh\u00e5ning m\u00e5ste jag bara k\u00f6pa Adaktussons bok!"},"content":{"rendered":"<p><strong>P1 Morgons <a href=\"http:\/\/sverigesradio.se\/sida\/artikel.aspx?programid=1650&amp;artikel=3756824\"><span style=\"font-weight: normal;\">Lasse Johansson<\/span><\/a><\/strong> var ovanligt p\u00e5 hugget i morse. Johanssons journalistkollega Lars Adaktusson var inbjuden f\u00f6r att &#8211; som det skulle visa sig &#8211; bli avh\u00e5nad\u00a0f\u00f6r att ha <a href=\"http:\/\/resume.se\/nyheter\/2011\/08\/29\/adaktusson\/index.xml\">skrivit en bok <\/a>d\u00e4r s\u00e5vitt jag begriper (har \u00e4nnu inte hunnit l\u00e4sa opuset) Adaktusson fr\u00e5gas\u00e4tter hur bland annat medieredakt\u00f6rer brukar sin makt utifr\u00e5n privata politiska syften.<\/p>\n<p>Intervjun blir rent komisk (lyssna sj\u00e4lva <a href=\"http:\/\/sverigesradio.se\/sida\/play.aspx?ljud=3433867\">h\u00e4r<\/a>). Adaktusson till\u00e5ts inte fullf\u00f6lja svaret p\u00e5\u00a0en enda fr\u00e5ga f\u00f6rr\u00e4n Johansson klipper av och uppfordrande kr\u00e4ver svar p\u00e5 n\u00e4sta insinuanta f\u00f6r att inte s\u00e4ga h\u00e5nfulla gliring. Och t\u00e5lmodigt g\u00f6r Adaktusson ett nytt f\u00f6rs\u00f6k att svara\u00a0f\u00f6r att &#8230; avbrytas igen.<\/p>\n<p><strong>Ja, herre j\u00f6sses<\/strong>, jag bara m\u00e5ste inf\u00f6rskaffa ett ex av boken snabbare \u00e4n kvickt!<\/p>\n<p>S\u00e5 grattis till Adaktusson! B\u00e4ttre gratisreklam kunde han knappast ha f\u00e5tt f\u00f6r <em><a href=\"http:\/\/www.mynewsdesk.com\/se\/pressroom\/ekerlids_forlag_ab\/pressrelease\/view\/ny-bok-vaerldens-baesta-story-av-lars-adaktusson-675029\">V\u00e4rldens b\u00e4sta story<\/a><\/em>.<\/p>\n","protected":false},"excerpt":{"rendered":"<p>P1 Morgons Lasse Johansson var ovanligt p\u00e5 hugget i morse. Johanssons journalistkollega Lars Adaktusson var inbjuden f\u00f6r att &#8211; som det skulle visa sig &#8211; bli avh\u00e5nad\u00a0f\u00f6r att ha skrivit en bok d\u00e4r s\u00e5vitt jag begriper (har \u00e4nnu inte hunnit l\u00e4sa opuset) Adaktusson fr\u00e5gas\u00e4tter hur bland annat medieredakt\u00f6rer brukar sin makt utifr\u00e5n privata politiska syften.&hellip;<\/p>\n<p class=\"more-link-p\"><a class=\"more-link\" href=\"https:\/\/www.mariaabrahamsson.nu\/index.php\/2011\/08\/30\/efter-p1-morgons-avhaning-maste-jag-bara-kopa-adaktussons-bok\/\">Read more &rarr;<\/a><\/p>\n","protected":false},"author":2,"featured_media":0,"comment_status":"open","ping_status":"open","sticky":false,"template":"","format":"standard","meta":{"footnotes":""},"categories":[1],"tags":[],"class_list":["post-5760","post","type-post","status-publish","format-standard","hentry","category-uncategorized"],"_links":{"self":[{"href":"https:\/\/www.mariaabrahamsson.nu\/index.php\/wp-json\/wp\/v2\/posts\/5760","targetHints":{"allow":["GET"]}}],"collection":[{"href":"https:\/\/www.mariaabrahamsson.nu\/index.php\/wp-json\/wp\/v2\/posts"}],"about":[{"href":"https:\/\/www.mariaabrahamsson.nu\/index.php\/wp-json\/wp\/v2\/types\/post"}],"author":[{"embeddable":true,"href":"https:\/\/www.mariaabrahamsson.nu\/index.php\/wp-json\/wp\/v2\/users\/2"}],"replies":[{"embeddable":true,"href":"https:\/\/www.mariaabrahamsson.nu\/index.php\/wp-json\/wp\/v2\/comments?post=5760"}],"version-history":[{"count":0,"href":"https:\/\/www.mariaabrahamsson.nu\/index.php\/wp-json\/wp\/v2\/posts\/5760\/revisions"}],"wp:attachment":[{"href":"https:\/\/www.mariaabrahamsson.nu\/index.php\/wp-json\/wp\/v2\/media?parent=5760"}],"wp:term":[{"taxonomy":"category","embeddable":true,"href":"https:\/\/www.mariaabrahamsson.nu\/index.php\/wp-json\/wp\/v2\/categories?post=5760"},{"taxonomy":"post_tag","embeddable":true,"href":"https:\/\/www.mariaabrahamsson.nu\/index.php\/wp-json\/wp\/v2\/tags?post=5760"}],"curies":[{"name":"wp","href":"https:\/\/api.w.org\/{rel}","templated":true}]}}