{"id":5720,"date":"2011-08-26T18:19:59","date_gmt":"2011-08-26T16:19:59","guid":{"rendered":"http:\/\/www.mariaabrahamsson.nu\/?p=5720"},"modified":"2011-08-26T18:33:52","modified_gmt":"2011-08-26T16:33:52","slug":"om-nagon-har-missat-att-domarnamnden-invigdes-i-veckan","status":"publish","type":"post","link":"https:\/\/www.mariaabrahamsson.nu\/index.php\/2011\/08\/26\/om-nagon-har-missat-att-domarnamnden-invigdes-i-veckan\/","title":{"rendered":"Om n\u00e5gon har missat att Domarn\u00e4mnden invigdes i veckan"},"content":{"rendered":"<p><strong>I veckan<\/strong> hade <a href=\"http:\/\/www.domstol.se\/Om-Sveriges-Domstolar\/Domarnamnden\/\">Domarn\u00e4mnden <\/a>sitt \u00e5ttonde sammantr\u00e4de sedan myndigheten inr\u00e4ttades vid \u00e5rsskiftet. P\u00e5 grund av generationsv\u00e4xling och dito pensionsavg\u00e5ngar inom domark\u00e5ren har <a href=\"http:\/\/www.domstol.se\/Om-Sveriges-Domstolar\/Domarnamnden\/Domarnamndens-ledamoter\/\">vi ledam\u00f6ter<\/a> en diger lunta ans\u00f6kningar att ta st\u00e4llning till vid varje sammankomst. Samtidigt som startf\u00e4lten i vissa fall \u00e4r orov\u00e4ckande svagt i bem\u00e4rkelsen: det saknas l\u00e4mpliga s\u00f6kande.<\/p>\n<p>Men i praktiken fungerar det allts\u00e5 s\u00e5 att n\u00e4mndens kansli i varje ans\u00f6knings\u00e4rende uppr\u00e4ttar ett f\u00f6rslag d\u00e4r de s\u00f6kande rangordnas efter vitsordande, psykologtest och intervjuer.\u00a0Det \u00e4r inte alltid Domarn\u00e4mnden k\u00f6per kanslif\u00f6rslagen rakt av utan de s\u00f6kandes f\u00f6rtj\u00e4nster (och tillkortakommanden) blir allt som oftast f\u00f6rem\u00e5l f\u00f6r livlig diskussion runt bordet. Och konstigt vore det annars! F\u00f6r det \u00e4r en b\u00e5de svettig och intrikat uppgift att bed\u00f6ma vilka s\u00f6kande som \u00e4r de styvaste juristerna och &#8211; n\u00e4r det g\u00e4ller chefstj\u00e4nsterna &#8211; har de b\u00e4sta ledaregenskaperna att rekommendera justitiedepartementet och regeringen.<\/p>\n<p><strong>Fast jag klagar<\/strong> inte, tv\u00e4rtom k\u00e4nns det mest m\u00e4rkv\u00e4rdigt att ing\u00e5 i g\u00e4nget som har regeringens och &#8211; i mitt och riksdagskollegan <a href=\"http:\/\/www.riksdagen.se\/webbnav\/index.aspx?nid=1111&amp;iid=0235974887200\">Susanne Ebersteins<\/a> fall &#8211; allm\u00e4nhetens uppdrag att vaska fram de personer som \u00e4r mest l\u00e4mpade f\u00f6r tj\u00e4nstg\u00f6ring i v\u00e5ra domstolar .<\/p>\n<p><a href=\"http:\/\/www.mariaabrahamsson.nu\/wp-content\/uploads\/2011\/08\/Invigningsmingel-i-Domarn\u00e4mndens-lokaler.-N\u00e4rmast-statssekreterare-Magnus-Graner..jpeg\"><img loading=\"lazy\" decoding=\"async\" class=\"alignleft size-medium wp-image-5738\" title=\"Invigningsmingel i Domarn\u00e4mndens lokaler. N\u00e4rmast statssekreterare Magnus Graner.\" src=\"http:\/\/www.mariaabrahamsson.nu\/wp-content\/uploads\/2011\/08\/Invigningsmingel-i-Domarn\u00e4mndens-lokaler.-N\u00e4rmast-statssekreterare-Magnus-Graner.-300x225.jpg\" alt=\"\" width=\"300\" height=\"225\" srcset=\"https:\/\/www.mariaabrahamsson.nu\/wp-content\/uploads\/2011\/08\/Invigningsmingel-i-Domarn\u00e4mndens-lokaler.-N\u00e4rmast-statssekreterare-Magnus-Graner.-300x225.jpg 300w, https:\/\/www.mariaabrahamsson.nu\/wp-content\/uploads\/2011\/08\/Invigningsmingel-i-Domarn\u00e4mndens-lokaler.-N\u00e4rmast-statssekreterare-Magnus-Graner..jpeg 640w\" sizes=\"auto, (max-width: 300px) 100vw, 300px\" \/><\/a><\/p>\n<p>I onsdags\u00a0avrundades Domarn\u00e4mndens heldagsmangling med en h\u00f6gtidlig invigning av n\u00e4mndens lokaler p\u00e5 Riddarholmen. Det bl\u00e5gula bandet klipptes av statssekreterare Magnus Graner (n\u00e4rmast till v\u00e4nster).\u00a0Till den f\u00f6rsamlade kretsen av h\u00f6ga domare och topptj\u00e4nstem\u00e4n framf\u00f6rde Graner en varm h\u00e4lsning fr\u00e5n justitieministern, som f\u00f6r dagen \u00e5kte polisbil i Sk\u00f6vde.<\/p>\n<p>Till v\u00e4nster om Graner ser vi Domarn\u00e4mndens ordf\u00f6rande Thomas Rol\u00e9n som till vardags \u00e4r president i Kammarr\u00e4tten i Stockholm.<\/p>\n<p><strong>Normalt \u00e4r jag ingen<\/strong> v\u00e4n av fler myndigheter. Men Domarn\u00e4mnden \u00e4r inte vilken myndighet i m\u00e4ngden som helst, n\u00e5got som statssekreterare Graner ocks\u00e5 p\u00e5pekade i sitt invigningstal. N\u00e4mnden har kommit till som ett led i regeringens och riksdagens str\u00e4van att st\u00e4rka domstols- och domarmaktens oberoende st\u00e4llning gentemot s\u00e5v\u00e4l de styrande som de lagstiftande statsorganen.<\/p>\n<p>Hur <em>mycket<\/em> starkare oberoendet har blivit till f\u00f6ljd av den\u00a0reviderade grundlagsreformen som tr\u00e4dde i kraft vid \u00e5rsskiftet, \u00e5terst\u00e5r att se. Men bara en s\u00e5dan sak att domstolarna har beg\u00e5vats med ett eget kapitel i akt och mening att just s\u00e4rskilja Domstolssverige fr\u00e5n \u00f6vriga Myndighetssverige \u00e4r en konstitutionell revolution i sig. Jo, med svenska m\u00e5tt m\u00e4tt.<\/p>\n<p><strong>Sedan funderar jag<\/strong> fortfarande p\u00e5 statssekreterarens uppmaning till Domarn\u00e4mnden att p\u00e5 allvar ta sig an uppgiften att s\u00e4kra och stimulera den framtida domarrekryteringen.<\/p>\n<p>Absolut, men f\u00f6r att kunna g\u00f6ra det kr\u00e4vs ocks\u00e5 att de utlysta domartj\u00e4nsterna lockar kvalificerade s\u00f6kande, n\u00e5got som det i en del fall har varit lite si och s\u00e5 med.<\/p>\n<p><strong>Alla i branschen <\/strong>\u00e4r r\u00f6rande \u00f6verens om att det g\u00e4ller att st\u00e4rka domaryrkets attraktionskraft. Fr\u00e5gan \u00e4r bara hur man g\u00f6r det? Vad lockar man de mest kvalificerade domarna med f\u00f6r att f\u00e5 dem att s\u00f6ka?\u00a0H\u00f6gre domarl\u00f6ner? Visst, l\u00f6nen betyder inte allting f\u00f6r alla, men n\u00e4r domarl\u00f6nerna inte \u00e4r tillr\u00e4ckligt konkurrenskraftiga j\u00e4mf\u00f6rt med till exempel \u00e5klagarnas l\u00f6ner, f\u00f6r att inte tala om advokatk\u00e5rens, d\u00e5 avtar helt logiskt attraktionskraften.<\/p>\n<p>Sedan kan f\u00f6rst\u00e5s\u00a0justitiedepartementet och dess f\u00f6rl\u00e4ngda arm Domstolsverket sj\u00e4lva\u00a0bidra till att g\u00f6ra domarkarri\u00e4ren mer lockande f\u00f6r lovande jurister. Exempelvis genom rimligare arbetsf\u00f6rh\u00e5llanden, mer stimulerande arbetsuppgifter och b\u00e4ttre karri\u00e4rm\u00f6jligheter. \u00c5tg\u00e4rder av det h\u00e4r slaget ligger utanf\u00f6r Domarn\u00e4mndens makt och myndighet, men skulle sj\u00e4lvklart vara rena vitamininjektionen f\u00f6r n\u00e4mndens m\u00f6jligheter att l\u00e5ngsiktigt kvalitetss\u00e4kra domarrekryteringen.<\/p>\n<p>Trevlig fredag p\u00e5 er, f\u00f6rresten!<\/p>\n","protected":false},"excerpt":{"rendered":"<p>I veckan hade Domarn\u00e4mnden sitt \u00e5ttonde sammantr\u00e4de sedan myndigheten inr\u00e4ttades vid \u00e5rsskiftet. P\u00e5 grund av generationsv\u00e4xling och dito pensionsavg\u00e5ngar inom domark\u00e5ren har vi ledam\u00f6ter en diger lunta ans\u00f6kningar att ta st\u00e4llning till vid varje sammankomst. Samtidigt som startf\u00e4lten i vissa fall \u00e4r orov\u00e4ckande svagt i bem\u00e4rkelsen: det saknas l\u00e4mpliga s\u00f6kande. Men i praktiken fungerar det&hellip;<\/p>\n<p class=\"more-link-p\"><a class=\"more-link\" href=\"https:\/\/www.mariaabrahamsson.nu\/index.php\/2011\/08\/26\/om-nagon-har-missat-att-domarnamnden-invigdes-i-veckan\/\">Read more &rarr;<\/a><\/p>\n","protected":false},"author":2,"featured_media":0,"comment_status":"open","ping_status":"open","sticky":false,"template":"","format":"standard","meta":{"footnotes":""},"categories":[1],"tags":[],"class_list":["post-5720","post","type-post","status-publish","format-standard","hentry","category-uncategorized"],"_links":{"self":[{"href":"https:\/\/www.mariaabrahamsson.nu\/index.php\/wp-json\/wp\/v2\/posts\/5720","targetHints":{"allow":["GET"]}}],"collection":[{"href":"https:\/\/www.mariaabrahamsson.nu\/index.php\/wp-json\/wp\/v2\/posts"}],"about":[{"href":"https:\/\/www.mariaabrahamsson.nu\/index.php\/wp-json\/wp\/v2\/types\/post"}],"author":[{"embeddable":true,"href":"https:\/\/www.mariaabrahamsson.nu\/index.php\/wp-json\/wp\/v2\/users\/2"}],"replies":[{"embeddable":true,"href":"https:\/\/www.mariaabrahamsson.nu\/index.php\/wp-json\/wp\/v2\/comments?post=5720"}],"version-history":[{"count":0,"href":"https:\/\/www.mariaabrahamsson.nu\/index.php\/wp-json\/wp\/v2\/posts\/5720\/revisions"}],"wp:attachment":[{"href":"https:\/\/www.mariaabrahamsson.nu\/index.php\/wp-json\/wp\/v2\/media?parent=5720"}],"wp:term":[{"taxonomy":"category","embeddable":true,"href":"https:\/\/www.mariaabrahamsson.nu\/index.php\/wp-json\/wp\/v2\/categories?post=5720"},{"taxonomy":"post_tag","embeddable":true,"href":"https:\/\/www.mariaabrahamsson.nu\/index.php\/wp-json\/wp\/v2\/tags?post=5720"}],"curies":[{"name":"wp","href":"https:\/\/api.w.org\/{rel}","templated":true}]}}