{"id":571,"date":"2009-11-24T20:37:07","date_gmt":"2009-11-24T20:37:07","guid":{"rendered":"http:\/\/www.mariaabrahamsson.nu\/?p=571"},"modified":"2009-12-18T17:17:31","modified_gmt":"2009-12-18T17:17:31","slug":"en-figur-som-kom-i-vagen","status":"publish","type":"post","link":"https:\/\/www.mariaabrahamsson.nu\/index.php\/2009\/11\/24\/en-figur-som-kom-i-vagen\/","title":{"rendered":"En figur kom i v\u00e4gen"},"content":{"rendered":"<p><strong>Jag har i afton<\/strong> varit p\u00e5 en f\u00f6r mig r\u00e4tt udda tillst\u00e4llning. Magasinet\u00a0<a href=\"http:\/\/www.axess.se\/magasin\/\">Axess<\/a> chefredakt\u00f6r Johan Lundberg summerade p\u00e5 inbjudan av <a href=\"http:\/\/www.svensktidskrift.se\/\">Svensk Tidskrift<\/a> i ett anst\u00e4ndigt kyffe i Stockholms stadshus\u00a0<a href=\"http:\/\/www.axess.se\/tv\/program.aspx?id=858\">sommarens heta konstdebatt.<\/a><\/p>\n<p><a href=\"http:\/\/www.axess.se\/tv\/program.aspx?id=858\"><\/a>Det vill s\u00e4ga om figurationer (att man ser vad saker och ting f\u00f6rest\u00e4ller, min anm\u00e4rkning) \u00e4r n\u00e4rbesl\u00e4ktade med &#8211; i detta fall &#8211; \u00a0nazismen.<\/p>\n<p><strong>Sj\u00e4lv tycker jag<\/strong> inte att den sammankopplingen \u00e4r s\u00e4rskilt adekvat. I vart fall var det inte nazismens illd\u00e5d som slog mig i pannan n\u00e4r jag sprang p\u00e5 den h\u00e4r figuren\u00a0p\u00e5 v\u00e4gen ut fr\u00e5n Stadshuset. Den \u00e4r liksom bara vacker, eller ful&#8230;hur man nu v\u00e4ljer att se p\u00e5 saken.<\/p>\n<p><a rel=\"attachment wp-att-572\" href=\"http:\/\/www.mariaabrahamsson.nu\/index.php\/2009\/11\/24\/en-figur-som-kom-i-vagen\/mime-attachment-5\/\"><img loading=\"lazy\" decoding=\"async\" class=\"alignleft size-medium wp-image-572\" title=\"mime-attachment\" src=\"http:\/\/www.mariaabrahamsson.nu\/wp-content\/uploads\/2009\/11\/mime-attachment2-300x225.jpg\" alt=\"mime-attachment\" width=\"300\" height=\"225\" srcset=\"https:\/\/www.mariaabrahamsson.nu\/wp-content\/uploads\/2009\/11\/mime-attachment2-300x225.jpg 300w, https:\/\/www.mariaabrahamsson.nu\/wp-content\/uploads\/2009\/11\/mime-attachment2.jpeg 640w\" sizes=\"auto, (max-width: 300px) 100vw, 300px\" \/><\/a><\/p>\n","protected":false},"excerpt":{"rendered":"<p>Jag har i afton varit p\u00e5 en f\u00f6r mig r\u00e4tt udda tillst\u00e4llning. Magasinet\u00a0Axess chefredakt\u00f6r Johan Lundberg summerade p\u00e5 inbjudan av Svensk Tidskrift i ett anst\u00e4ndigt kyffe i Stockholms stadshus\u00a0sommarens heta konstdebatt. Det vill s\u00e4ga om figurationer (att man ser vad saker och ting f\u00f6rest\u00e4ller, min anm\u00e4rkning) \u00e4r n\u00e4rbesl\u00e4ktade med &#8211; i detta fall &#8211; \u00a0nazismen.&hellip;<\/p>\n<p class=\"more-link-p\"><a class=\"more-link\" href=\"https:\/\/www.mariaabrahamsson.nu\/index.php\/2009\/11\/24\/en-figur-som-kom-i-vagen\/\">Read more &rarr;<\/a><\/p>\n","protected":false},"author":2,"featured_media":0,"comment_status":"closed","ping_status":"open","sticky":false,"template":"","format":"standard","meta":{"footnotes":""},"categories":[1],"tags":[],"class_list":["post-571","post","type-post","status-publish","format-standard","hentry","category-uncategorized"],"_links":{"self":[{"href":"https:\/\/www.mariaabrahamsson.nu\/index.php\/wp-json\/wp\/v2\/posts\/571","targetHints":{"allow":["GET"]}}],"collection":[{"href":"https:\/\/www.mariaabrahamsson.nu\/index.php\/wp-json\/wp\/v2\/posts"}],"about":[{"href":"https:\/\/www.mariaabrahamsson.nu\/index.php\/wp-json\/wp\/v2\/types\/post"}],"author":[{"embeddable":true,"href":"https:\/\/www.mariaabrahamsson.nu\/index.php\/wp-json\/wp\/v2\/users\/2"}],"replies":[{"embeddable":true,"href":"https:\/\/www.mariaabrahamsson.nu\/index.php\/wp-json\/wp\/v2\/comments?post=571"}],"version-history":[{"count":0,"href":"https:\/\/www.mariaabrahamsson.nu\/index.php\/wp-json\/wp\/v2\/posts\/571\/revisions"}],"wp:attachment":[{"href":"https:\/\/www.mariaabrahamsson.nu\/index.php\/wp-json\/wp\/v2\/media?parent=571"}],"wp:term":[{"taxonomy":"category","embeddable":true,"href":"https:\/\/www.mariaabrahamsson.nu\/index.php\/wp-json\/wp\/v2\/categories?post=571"},{"taxonomy":"post_tag","embeddable":true,"href":"https:\/\/www.mariaabrahamsson.nu\/index.php\/wp-json\/wp\/v2\/tags?post=571"}],"curies":[{"name":"wp","href":"https:\/\/api.w.org\/{rel}","templated":true}]}}