{"id":5666,"date":"2011-08-11T19:09:55","date_gmt":"2011-08-11T17:09:55","guid":{"rendered":"http:\/\/www.mariaabrahamsson.nu\/?p=5666"},"modified":"2011-08-11T19:10:25","modified_gmt":"2011-08-11T17:10:25","slug":"varken-regering-eller-riksdag-ska-lagg-sig-i-provningen-av-ahmed-agiza","status":"publish","type":"post","link":"https:\/\/www.mariaabrahamsson.nu\/index.php\/2011\/08\/11\/varken-regering-eller-riksdag-ska-lagg-sig-i-provningen-av-ahmed-agiza\/","title":{"rendered":"Varken regering eller riksdag ska l\u00e4gga sig i pr\u00f6vningen av Agiza"},"content":{"rendered":"<p><strong>&#8221;Vidare ska inte m\u00e4nskliga r\u00e4ttigheter <\/strong>st\u00e5 i v\u00e4gen \/&#8230;\/ Dessutom ska m\u00e4nniskor som d\u00f6ms f\u00f6r v\u00e5ldsamt upplopp s\u00e4ttas i f\u00e4ngelse&#8221;, slog han fast. Han som slog fast heter David Cameron och visst, alla f\u00f6rst\u00e5r vi att Storbritanniens premi\u00e4rminister \u00e4r h\u00e5rt pressad av anarkin som dessa dagar h\u00e4rskar p\u00e5 Englands gator. Men \u00e4nd\u00e5, Camerons uttalande \u00e4r av det olyckligare slaget, i b\u00e4sta fall ett &#8221;slip of the tongue&#8221;. Storbritannien \u00e4r ett land som genom sin historia och tradition har b\u00e4ttre koll \u00e4n de flesta andra p\u00e5 v\u00e4rdet av maktdelning mellan politik och oberoende domstolar.<\/p>\n<p>Jag kom att t\u00e4nka p\u00e5 det n\u00e4r jag tidigare i dag h\u00f6rde\u00a0<a href=\"http:\/\/sverigesradio.se\/sida\/play.aspx?ljud=3381508\">Lars Ohly<\/a>. Som riksdagsledamot begriper han f\u00f6rst\u00e5s vad som konstitutionellt g\u00e4ller, men \u00e4nd\u00e5 KR\u00c4VER Ohly &#8211; och en del andra &#8211; att REGERINGEN nu ska bevilja\u00a0<a href=\"http:\/\/www.dn.se\/nyheter\/sverige\/utvisade-egyptiern-ahmed-agiza-slappt\">Ahmed Agiza<\/a> uppeh\u00e5llstillst\u00e5nd med h\u00e4nvisning till den brutala avvisning som Agiza tillsammans med Mohammed Alzery utsattes f\u00f6r 2001 med hj\u00e4lp av amerikanska CIA p\u00e5 Bromma flygplats.<\/p>\n<p><strong>V\u00e4nsterledaren verkar dessutom<\/strong> ha f\u00f6rtr\u00e4ngt att utvisningen skedde efter klartecken fr\u00e5n d\u00e5varande S-regeringen, en regering som leddes av G\u00f6ran Persson och regerade tack vare lojalt st\u00f6d av V\u00e4nsterpartiet och Milj\u00f6partiet.<\/p>\n<p>Jag vet inte, men\u00a0det \u00e4r m\u00f6jligt att den egyptiske medborgaren Ahmed Agiza har r\u00e4tt att f\u00e5 uppeh\u00e5llstillst\u00e5nd h\u00e4r i Sverige. Alldeles best\u00e4mt vet jag d\u00e4remot att det inte \u00e4r en uppgift f\u00f6r regeringen &#8211; eller f\u00f6r riksdagen &#8211; \u00a0att befatta sig med saken.\u00a0Om och n\u00e4r egyptiern Ahmed Agiza ans\u00f6ker om uppeh\u00e5llstillst\u00e5nd i Sverige faller det p\u00e5 Migrationsverkets lott, och i sista hand Migrations\u00f6verdomstolens, att pr\u00f6va hans ans\u00f6kan i enlighet med de lagar och kriterier som riksdagen har beslutat ska g\u00e4lla. Och d\u00e5 blir det en fr\u00e5ga om till\u00e4mpning av g\u00e4llande r\u00e4tt, varvid politiska h\u00e4nsynstaganden inte ska ha n\u00e5gon plats alls. Det \u00e4r s\u00e5 den konstitutionella ordningen i v\u00e5rt land fungerar.<\/p>\n<p><strong>D\u00e4rf\u00f6r g\u00f6r Lars Ohly &#8211; och andra &#8211; klokt i<\/strong> att skruva ner tonl\u00e4get, och l\u00e5ta den r\u00e4ttsliga pr\u00f6vningen ha sin g\u00e5ng utan politisk inblandning. F\u00f6r i grund och botten tror jag inte att ens v\u00e4nsterpartiet gillar att politiker, som en h\u00e5rt pressad David Cameron\u00a0<a href=\"http:\/\/www.svd.se\/nyheter\/utrikes\/brittiska-regeringen-vill-begransa-sociala-medier_6383136.svd\">nu g\u00f6r<\/a>, utser sig sj\u00e4lva till domare och kr\u00e4ver att domstolarna ska lyda!<\/p>\n","protected":false},"excerpt":{"rendered":"<p>&#8221;Vidare ska inte m\u00e4nskliga r\u00e4ttigheter st\u00e5 i v\u00e4gen \/&#8230;\/ Dessutom ska m\u00e4nniskor som d\u00f6ms f\u00f6r v\u00e5ldsamt upplopp s\u00e4ttas i f\u00e4ngelse&#8221;, slog han fast. Han som slog fast heter David Cameron och visst, alla f\u00f6rst\u00e5r vi att Storbritanniens premi\u00e4rminister \u00e4r h\u00e5rt pressad av anarkin som dessa dagar h\u00e4rskar p\u00e5 Englands gator. Men \u00e4nd\u00e5, Camerons uttalande \u00e4r&hellip;<\/p>\n<p class=\"more-link-p\"><a class=\"more-link\" href=\"https:\/\/www.mariaabrahamsson.nu\/index.php\/2011\/08\/11\/varken-regering-eller-riksdag-ska-lagg-sig-i-provningen-av-ahmed-agiza\/\">Read more &rarr;<\/a><\/p>\n","protected":false},"author":2,"featured_media":0,"comment_status":"open","ping_status":"open","sticky":false,"template":"","format":"standard","meta":{"footnotes":""},"categories":[1],"tags":[],"class_list":["post-5666","post","type-post","status-publish","format-standard","hentry","category-uncategorized"],"_links":{"self":[{"href":"https:\/\/www.mariaabrahamsson.nu\/index.php\/wp-json\/wp\/v2\/posts\/5666","targetHints":{"allow":["GET"]}}],"collection":[{"href":"https:\/\/www.mariaabrahamsson.nu\/index.php\/wp-json\/wp\/v2\/posts"}],"about":[{"href":"https:\/\/www.mariaabrahamsson.nu\/index.php\/wp-json\/wp\/v2\/types\/post"}],"author":[{"embeddable":true,"href":"https:\/\/www.mariaabrahamsson.nu\/index.php\/wp-json\/wp\/v2\/users\/2"}],"replies":[{"embeddable":true,"href":"https:\/\/www.mariaabrahamsson.nu\/index.php\/wp-json\/wp\/v2\/comments?post=5666"}],"version-history":[{"count":0,"href":"https:\/\/www.mariaabrahamsson.nu\/index.php\/wp-json\/wp\/v2\/posts\/5666\/revisions"}],"wp:attachment":[{"href":"https:\/\/www.mariaabrahamsson.nu\/index.php\/wp-json\/wp\/v2\/media?parent=5666"}],"wp:term":[{"taxonomy":"category","embeddable":true,"href":"https:\/\/www.mariaabrahamsson.nu\/index.php\/wp-json\/wp\/v2\/categories?post=5666"},{"taxonomy":"post_tag","embeddable":true,"href":"https:\/\/www.mariaabrahamsson.nu\/index.php\/wp-json\/wp\/v2\/tags?post=5666"}],"curies":[{"name":"wp","href":"https:\/\/api.w.org\/{rel}","templated":true}]}}