{"id":5639,"date":"2011-08-10T14:27:41","date_gmt":"2011-08-10T12:27:41","guid":{"rendered":"http:\/\/www.mariaabrahamsson.nu\/?p=5639"},"modified":"2011-08-10T14:48:41","modified_gmt":"2011-08-10T12:48:41","slug":"vad-man-annars-gor-en-solig-dag-i-skogen","status":"publish","type":"post","link":"https:\/\/www.mariaabrahamsson.nu\/index.php\/2011\/08\/10\/vad-man-annars-gor-en-solig-dag-i-skogen\/","title":{"rendered":"Och Juholt skyller upploppen p\u00e5 st\u00e4ngda fritidsg\u00e5rdar"},"content":{"rendered":"<p><strong>Noterade att Socialdemokraternas<\/strong> H\u00e5kan Juholt ytterst skyller de v\u00e5ldsamma upploppen och grova skadeg\u00f6relsen i England p\u00e5 &#8230;\u00a0<a href=\"http:\/\/www.aftonbladet.se\/nyheter\/article13443290.ab\">st\u00e4ngda fritidsg\u00e5rdar<\/a>.\u00a0Sj\u00e4lv k\u00e4nner jag mig, milt uttryckt, inte helt \u00f6vertygad om det <a href=\"http:\/\/www.aftonbladet.se\/nyheter\/article13438450.ab\">&#8221;sambandet&#8221;<\/a>. Lika lite imponeras jag av den\u00a0<a href=\"http:\/\/www.svd.se\/nyheter\/utrikes\/svensk-dialogpolis-kritisk-till-brittisk-insats_6378156.svd\">svenska dialogpolisens<\/a> analys. Hur kan normalt funtade och beg\u00e5vade personer tro att plundrare och f\u00f6rh\u00e4rdade v\u00e5ldsverkare som sl\u00e5r s\u00f6nder och samman inte bara hela stadsk\u00e4rnor utan ocks\u00e5 protesterande medm\u00e4nniskor, mest av allt h\u00e4r i v\u00e4rlden \u00e4r i behov av en pratstund med polisen?<\/p>\n<p><strong>Tack och lov \u00e4r man h\u00e4r <\/strong>i skogen f\u00f6rskonad fr\u00e5n sommarens brutala solidaritetskravallande fr\u00e5n Aten till London. Till skillnad fr\u00e5n turbulensen p\u00e5 v\u00e4rldens finansmarknader, som man inte slipper undan ens i denna avkrok. I fredags \u00f6verraskade jag mig sj\u00e4lv med att placera ett med mina m\u00e5tt m\u00e4tt hyfsat \u00f6verskott p\u00e5 l\u00f6nekontot i aktier i Rysslands- och Asienfonder. I st\u00e4llet f\u00f6r att s\u00e4tta in pengarna p\u00e5 trygga men tr\u00e5kiga sparkontot med bara sn\u00e4ppet h\u00f6gre r\u00e4ntesats \u00e4n l\u00f6nekontots obefintliga. Och om placeringen g\u00e5r \u00e5t pipan skyller jag p\u00e5 &#8230; st\u00e4ngda fritidsg\u00e5rdar!<\/p>\n<p>Nej, sj\u00e4lvklart inte. Inspirationen rann till efter att jag l\u00e4st ett par kapitel i<a href=\"http:\/\/blogg.avanzabank.se\/hemberg\/2011\/08\/09\/gw-okar-i-tre-aktier\/\"> Claes Hembergs <\/a>senaste\u00a0bok om hur man <a href=\"http:\/\/www.adlibris.com\/se\/product.aspx?isbn=9173590452\">klokast sparar <\/a>n\u00e4r man uppn\u00e5tt den aktningsv\u00e4rda \u00e5ldern 55 +. Det \u00e4r fascinerande l\u00e4sning, som varmt rekommenderas inte minst till kvinnor.<\/p>\n<p><strong>Visst, jag har en bit kvar<\/strong> till 55 men ju snabbare man l\u00e4r sig att beh\u00e4rska sparandets \u00e4dla konst desto mer pengar finns det kvar att leva loppan f\u00f6r n\u00e4r pensionsdagen n\u00e4rmar sig. Tack f\u00f6r den \u00f6gon\u00f6ppnaren! S\u00e5 i h\u00f6st \u00e4r det jag som under den allm\u00e4nna motionsperioden v\u00e4cker en motion om hur vi lagstiftare kan skapa vassare sparformer och d\u00e4rmed tryggare pensionsvillkor f\u00f6r kvinnor!<\/p>\n<p>Ni undrar vad man annars g\u00f6r en solig dag h\u00e4r i skogen? Det varierar, men en bra b\u00f6rjan p\u00e5 dagen \u00e4r att plocka vinb\u00e4r och hallon till filen. N\u00e4r frukosten \u00e4r intagen \u00e4r det h\u00f6g tid att s\u00e4tta p\u00e5 datorn och koppla upp sig till <a href=\"http:\/\/www.net1.se\/\">Net1<\/a> och skanna av nyhetsfl\u00f6det (mitt vanliga Teliamodem funkar inte h\u00e4r). Hit, det vill s\u00e4ga till brevl\u00e5dan 30 minuters traskande h\u00e4rifr\u00e5n, kommer tidningarna numera inte f\u00f6rr\u00e4n vid tretiden. N\u00e4r jag \u00e4nd\u00e5 \u00e4r uppkopplad kollar jag f\u00f6rst\u00e5s ocks\u00e5 mailen.<\/p>\n<p><a href=\"http:\/\/www.mariaabrahamsson.nu\/wp-content\/uploads\/2011\/08\/full-aktivitet.jpeg\"><img loading=\"lazy\" decoding=\"async\" class=\"alignleft size-medium wp-image-5641\" title=\"full aktivitet\" src=\"http:\/\/www.mariaabrahamsson.nu\/wp-content\/uploads\/2011\/08\/full-aktivitet-300x225.jpg\" alt=\"\" width=\"300\" height=\"225\" srcset=\"https:\/\/www.mariaabrahamsson.nu\/wp-content\/uploads\/2011\/08\/full-aktivitet-300x225.jpg 300w, https:\/\/www.mariaabrahamsson.nu\/wp-content\/uploads\/2011\/08\/full-aktivitet.jpeg 640w\" sizes=\"auto, (max-width: 300px) 100vw, 300px\" \/><\/a><strong>Mest utstickande<\/strong> i dagens sk\u00f6rd var en inbjudan att som Stockholmspolitiker och ledamot av Civilutskottet h\u00e5lla en &#8221;inspirationsf\u00f6rel\u00e4sning&#8221; p\u00e5 Kulturhuset den 1 september med anledning av en konferens p\u00e5 temat <em><a href=\"http:\/\/www.kulturhuset.se\/default.asp?id=3191&amp;refid=39530&amp;ptid=\">&#8221;H\u00e5llbar f\u00f6r\u00e4ndring &#8211; byggnaden, staden och processen&#8221;<\/a><\/em>.<\/p>\n<p>Erbjudandet k\u00e4ndes precis s\u00e5 d\u00e4r lagom livsfarligt att jag bums var redo att tacka ja. Om det inte vore f\u00f6r att jag sedan l\u00e4nge \u00e4r inbokad p\u00e5 bes\u00f6k hos <a href=\"http:\/\/lomma.moderat.se\/\">moderatkompisarna i Lomma<\/a>. Ser fram emot att p\u00e5 plats borra djupare i vad som kr\u00e4vs av en kommun f\u00f6r att bli <a href=\"http:\/\/www.fokus.se\/2011\/05\/sa-gor-vi-undersokningen\/\">b\u00e4st plats<\/a> att bo p\u00e5.<\/p>\n<p><strong>I ett anfall<\/strong> av skaparlust m\u00e5lade jag h\u00e4romdagen om tv\u00e5 gamla pallar. Det blev &#8211; som synes &#8211; en ljusbl\u00e5 f\u00f6r\u00e4ndring, h\u00e5llbar ocks\u00e5 hoppas jag.<\/p>\n<p><a href=\"http:\/\/www.mariaabrahamsson.nu\/wp-content\/uploads\/2011\/08\/Poolreng\u00f6ring1.jpeg\"><img loading=\"lazy\" decoding=\"async\" class=\"alignright size-medium wp-image-5643\" title=\"Poolreng\u00f6ring\" src=\"http:\/\/www.mariaabrahamsson.nu\/wp-content\/uploads\/2011\/08\/Poolreng\u00f6ring1-225x300.jpg\" alt=\"\" width=\"225\" height=\"300\" srcset=\"https:\/\/www.mariaabrahamsson.nu\/wp-content\/uploads\/2011\/08\/Poolreng\u00f6ring1-225x300.jpg 225w, https:\/\/www.mariaabrahamsson.nu\/wp-content\/uploads\/2011\/08\/Poolreng\u00f6ring1.jpeg 480w\" sizes=\"auto, (max-width: 225px) 100vw, 225px\" \/><\/a>Medan maken hade fullt upp med att skrubba bort algerna fr\u00e5n bottnen i den t\u00f6mda poolen, som nu fylls p\u00e5 med nytt friskt fyragradigt vatten fr\u00e5n k\u00e4ll\u00e5dern bakom knuten.<\/p>\n<p><strong>Dagens h\u00e4llregn<\/strong> g\u00f6r sitt till, i bloggande stund har det fallit 46 mm p\u00e5 \u00e5tta timmar! Enligt prognosen \u00e4r poolen full igen p\u00e5 fredag, och badbar.<\/p>\n","protected":false},"excerpt":{"rendered":"<p>Noterade att Socialdemokraternas H\u00e5kan Juholt ytterst skyller de v\u00e5ldsamma upploppen och grova skadeg\u00f6relsen i England p\u00e5 &#8230;\u00a0st\u00e4ngda fritidsg\u00e5rdar.\u00a0Sj\u00e4lv k\u00e4nner jag mig, milt uttryckt, inte helt \u00f6vertygad om det &#8221;sambandet&#8221;. Lika lite imponeras jag av den\u00a0svenska dialogpolisens analys. Hur kan normalt funtade och beg\u00e5vade personer tro att plundrare och f\u00f6rh\u00e4rdade v\u00e5ldsverkare som sl\u00e5r s\u00f6nder och samman&hellip;<\/p>\n<p class=\"more-link-p\"><a class=\"more-link\" href=\"https:\/\/www.mariaabrahamsson.nu\/index.php\/2011\/08\/10\/vad-man-annars-gor-en-solig-dag-i-skogen\/\">Read more &rarr;<\/a><\/p>\n","protected":false},"author":2,"featured_media":0,"comment_status":"open","ping_status":"open","sticky":false,"template":"","format":"standard","meta":{"footnotes":""},"categories":[1],"tags":[],"class_list":["post-5639","post","type-post","status-publish","format-standard","hentry","category-uncategorized"],"_links":{"self":[{"href":"https:\/\/www.mariaabrahamsson.nu\/index.php\/wp-json\/wp\/v2\/posts\/5639","targetHints":{"allow":["GET"]}}],"collection":[{"href":"https:\/\/www.mariaabrahamsson.nu\/index.php\/wp-json\/wp\/v2\/posts"}],"about":[{"href":"https:\/\/www.mariaabrahamsson.nu\/index.php\/wp-json\/wp\/v2\/types\/post"}],"author":[{"embeddable":true,"href":"https:\/\/www.mariaabrahamsson.nu\/index.php\/wp-json\/wp\/v2\/users\/2"}],"replies":[{"embeddable":true,"href":"https:\/\/www.mariaabrahamsson.nu\/index.php\/wp-json\/wp\/v2\/comments?post=5639"}],"version-history":[{"count":0,"href":"https:\/\/www.mariaabrahamsson.nu\/index.php\/wp-json\/wp\/v2\/posts\/5639\/revisions"}],"wp:attachment":[{"href":"https:\/\/www.mariaabrahamsson.nu\/index.php\/wp-json\/wp\/v2\/media?parent=5639"}],"wp:term":[{"taxonomy":"category","embeddable":true,"href":"https:\/\/www.mariaabrahamsson.nu\/index.php\/wp-json\/wp\/v2\/categories?post=5639"},{"taxonomy":"post_tag","embeddable":true,"href":"https:\/\/www.mariaabrahamsson.nu\/index.php\/wp-json\/wp\/v2\/tags?post=5639"}],"curies":[{"name":"wp","href":"https:\/\/api.w.org\/{rel}","templated":true}]}}