{"id":5540,"date":"2011-08-03T23:49:55","date_gmt":"2011-08-03T21:49:55","guid":{"rendered":"http:\/\/www.mariaabrahamsson.nu\/?p=5540"},"modified":"2011-08-05T21:06:54","modified_gmt":"2011-08-05T19:06:54","slug":"oppenhet-och-insyn-ar-ocksa-temat-for-stockholm-pride","status":"publish","type":"post","link":"https:\/\/www.mariaabrahamsson.nu\/index.php\/2011\/08\/03\/oppenhet-och-insyn-ar-ocksa-temat-for-stockholm-pride\/","title":{"rendered":"\u00d6ppenhet och insyn \u00e4r ocks\u00e5 temat f\u00f6r Stockholm Pride"},"content":{"rendered":"<p><strong>Kan inte best\u00e4mma mig f\u00f6r <\/strong>om det \u00e4r en bra eller d\u00e5lig id\u00e9 att \u00e5rets upplaga av Stockholms Pridefestival \u00e4r f\u00f6rlagd till Kungstr\u00e4dg\u00e5rden. N\u00e4r jag i eftermiddags g\u00e4stade <a href=\"http:\/\/www.oppnamoderater.se\/visa-artikel\/items\/95.html\">\u00d6ppna Moderaters<\/a> v\u00e4lbes\u00f6kta t\u00e4lt passade jag p\u00e5 att fr\u00e5ga f\u00f6rbiflanerande b\u00f6gar, transor och flator om hur de uppfattade nyordningen med fullst\u00e4ndig tillg\u00e4nglighet f\u00f6r strightv\u00e4rlden (inklusive f\u00f6rv\u00e5nade utl\u00e4ndska turister som mer eller mindre av misstag r\u00e5kar snubbla in p\u00e5 omr\u00e5det). N\u00e5gon saknade festivalst\u00e4mningen i <a href=\"http:\/\/www.google.com\/imgres?q=pride+och+tantolunden&amp;um=1&amp;hl=sv&amp;client=safari&amp;sa=N&amp;rls=en&amp;biw=1201&amp;bih=578&amp;tbm=isch&amp;tbnid=RFn3wynWZ9f8mM:&amp;imgrefurl=http:\/\/www.svd.se\/nyheter\/inrikes\/pride-park-har-oppnat-i-tanto_3276917.svd&amp;docid=ee4MCWpIshKsvM&amp;w=485&amp;h=156&amp;ei=G745TpDJJMbTsgabhL3zDw&amp;zoom=1&amp;iact=rc&amp;dur=465&amp;page=2&amp;tbnh=54&amp;tbnw=167&amp;start=17&amp;ndsp=18&amp;ved=1t:429,r:1,s:17&amp;tx=146&amp;ty=36\">Tantolunden<\/a> och menade att spektaklet nu mest p\u00e5minde om en <a href=\"http:\/\/www.google.com\/imgres?q=vattenfestival&amp;um=1&amp;hl=sv&amp;client=safari&amp;sa=N&amp;rls=en&amp;biw=1201&amp;bih=578&amp;tbm=isch&amp;tbnid=EL9hFGJ6S4pZWM:&amp;imgrefurl=http:\/\/en.wikipedia.org\/wiki\/File:Stockholms_vattenfestival_1991b.jpg&amp;docid=CSrSPhpWTFCMEM&amp;w=2320&amp;h=1664&amp;ei=Ab85TsPEHsPAswb987EH&amp;zoom=1&amp;iact=hc&amp;vpx=161&amp;vpy=108&amp;dur=704&amp;hovh=189&amp;hovw=263&amp;tx=169&amp;ty=93&amp;page=1&amp;tbnh=148&amp;tbnw=203&amp;start=0&amp;ndsp=17&amp;ved=1t:429,r:0,s:0\">vattenfestival<\/a>. Medan ett b\u00f6gpar trivdes som bara den och tyckte att det var helt underbart att \u00e4ntligen vara en integrerad del av normalsamh\u00e4llet!<\/p>\n<p>En flata modell militant suckar d\u00e4remot djupt och fr\u00e5gar mig (?!) uppgivet hur f-n hon nu skulle veta vem av alla kvinnor i folkvimlet som hon kan st\u00f6ta p\u00e5? Inte p\u00e5 mig, h\u00f6r jag mig sj\u00e4lv ynkligt pipa.<\/p>\n<p><a href=\"http:\/\/www.mariaabrahamsson.nu\/wp-content\/uploads\/2011\/08\/P\u00e5-viktig-fr\u00e5ga-svarade-de-flesta-ja..jpeg\"><img loading=\"lazy\" decoding=\"async\" class=\"alignright size-medium wp-image-5541\" title=\"P\u00e5 viktig fr\u00e5ga svarade de flesta ja.\" src=\"http:\/\/www.mariaabrahamsson.nu\/wp-content\/uploads\/2011\/08\/P\u00e5-viktig-fr\u00e5ga-svarade-de-flesta-ja.-300x225.jpg\" alt=\"\" width=\"300\" height=\"225\" srcset=\"https:\/\/www.mariaabrahamsson.nu\/wp-content\/uploads\/2011\/08\/P\u00e5-viktig-fr\u00e5ga-svarade-de-flesta-ja.-300x225.jpg 300w, https:\/\/www.mariaabrahamsson.nu\/wp-content\/uploads\/2011\/08\/P\u00e5-viktig-fr\u00e5ga-svarade-de-flesta-ja..jpeg 640w\" sizes=\"auto, (max-width: 300px) 100vw, 300px\" \/><\/a><\/p>\n<p><strong>Ett samtalet griper mig<\/strong> s\u00e4rskilt. Tv\u00e5barnspappan och juristen Fredrik heter numera Lena och jag noterar en antydan till kvinnliga br\u00f6st. Lena ber\u00e4ttar hur hon f\u00f6rra h\u00f6sten tog mod till sig, reste sig upp p\u00e5 kafferasten och <a href=\"http:\/\/www.jusektidningen.se\/Jusektidningen\/Nyheter\/Arbetsliv1\/Forandring\/\">informerade <\/a>kollegerna p\u00e5 Kronofogdemyndigheten om sin <a href=\"http:\/\/sv.wikipedia.org\/wiki\/Transsexualism\">transsexuella<\/a> l\u00e4ggning.<\/p>\n<p>Lena \u00e4r l\u00e4ttad och glad, och skakar leende p\u00e5 huvudet n\u00e4r jag str\u00e4cker fram en flirtkula och undrar om hon inte genom ett kast med kulan i r\u00e4tt flaska vill vara med och r\u00f6sta i dagens fr\u00e5ga i det moderata pridet\u00e4ltet: Ja eller nej till insemination f\u00f6r ensamst\u00e5ende?<\/p>\n<p><strong>Jepp, tillsammans med partibrodern<\/strong> Olof Lavesson har jag skrivit en <a href=\"http:\/\/www.riksdagen.se\/Webbnav\/index.aspx?nid=410&amp;typ=mot&amp;rm=2010\/11&amp;bet=So396\">riksdagsmotion<\/a> i \u00e4mnet. Jovisst, yrkandet (2) blev avslaget, men v\u00e4nta bara till h\u00f6stens M-partist\u00e4mma, d\u00e5 utlovas f\u00f6rnyat liv i fr\u00e5gan!<\/p>\n<p><a href=\"http:\/\/www.mariaabrahamsson.nu\/wp-content\/uploads\/2011\/08\/P\u00e5-bes\u00f6k-i-SRs-mobila-studio-parkerad-utanf\u00f6r-Caf\u00e9-Opera..jpeg\"><img loading=\"lazy\" decoding=\"async\" class=\"alignright size-medium wp-image-5542\" title=\"P\u00e5 bes\u00f6k i SRs mobila studio, parkerad utanf\u00f6r Caf\u00e9 Opera.\" src=\"http:\/\/www.mariaabrahamsson.nu\/wp-content\/uploads\/2011\/08\/P\u00e5-bes\u00f6k-i-SRs-mobila-studio-parkerad-utanf\u00f6r-Caf\u00e9-Opera.-300x225.jpg\" alt=\"\" width=\"300\" height=\"225\" srcset=\"https:\/\/www.mariaabrahamsson.nu\/wp-content\/uploads\/2011\/08\/P\u00e5-bes\u00f6k-i-SRs-mobila-studio-parkerad-utanf\u00f6r-Caf\u00e9-Opera.-300x225.jpg 300w, https:\/\/www.mariaabrahamsson.nu\/wp-content\/uploads\/2011\/08\/P\u00e5-bes\u00f6k-i-SRs-mobila-studio-parkerad-utanf\u00f6r-Caf\u00e9-Opera..jpeg 640w\" sizes=\"auto, (max-width: 300px) 100vw, 300px\" \/><\/a>P\u00e5 tal om <em>\u00f6ppenhet och insyn<\/em> bj\u00f6d Studio Ett i eftermiddags in mig att f\u00f6rklara varf\u00f6r \u00a0&#8211; i hela friden &#8211; Norge b\u00f6r tv-s\u00e4nda r\u00e4tteg\u00e5ngen mot massm\u00f6rdaren Anders Behring Breivik.<\/p>\n<p><strong>Vilket napp! Jag l\u00e4mnar<\/strong> s\u00e5lunda det stekheta prideomr\u00e5det f\u00f6r en stund och infinner mig punktligt vid Sveriges Radios mobila radiostation parkerad utanf\u00f6r Caf\u00e9 Opera. Och f\u00e5r en minst lika svettig stund i etern. Men trots den h\u00f6ga klibbfaktorn (minst 30 grader i &#8221;studion&#8221;) blir det ett bra samtal mellan Claes Borgstr\u00f6m och mig. Lyssna sj\u00e4lva\u00a0<a href=\"http:\/\/sverigesradio.se\/sida\/artikel.aspx?programid=1637&amp;artikel=4628602&amp;play=3332484&amp;playtype=Ljudklipp\">h\u00e4r!<\/a><\/p>\n<p>\u00c4ven om jag inte f\u00f6rst\u00e5r logiken i Borgstr\u00f6ms resonemang om att r\u00e4tteg\u00e5ngen g\u00e4rna m\u00e5 s\u00e4ndas i radio men absolut inte i TV.\u00a0Jag begriper helt enkelt inte varf\u00f6r bara det begr\u00e4nsade antalet journalister, \u00e5h\u00f6rare och anh\u00f6riga till de cirka 75 m\u00f6rdade och \u00e4nnu fler skadade som f\u00e5r plats i r\u00e4ttssalen, ska ha m\u00f6jlighet att ocks\u00e5 visuellt f\u00f6lja vad som h\u00e4nder i r\u00e4tteg\u00e5ngen mot Nordens v\u00e4rsta massm\u00f6rdare sedan andra v\u00e4rldskriget.<\/p>\n","protected":false},"excerpt":{"rendered":"<p>Kan inte best\u00e4mma mig f\u00f6r om det \u00e4r en bra eller d\u00e5lig id\u00e9 att \u00e5rets upplaga av Stockholms Pridefestival \u00e4r f\u00f6rlagd till Kungstr\u00e4dg\u00e5rden. N\u00e4r jag i eftermiddags g\u00e4stade \u00d6ppna Moderaters v\u00e4lbes\u00f6kta t\u00e4lt passade jag p\u00e5 att fr\u00e5ga f\u00f6rbiflanerande b\u00f6gar, transor och flator om hur de uppfattade nyordningen med fullst\u00e4ndig tillg\u00e4nglighet f\u00f6r strightv\u00e4rlden (inklusive f\u00f6rv\u00e5nade utl\u00e4ndska&hellip;<\/p>\n<p class=\"more-link-p\"><a class=\"more-link\" href=\"https:\/\/www.mariaabrahamsson.nu\/index.php\/2011\/08\/03\/oppenhet-och-insyn-ar-ocksa-temat-for-stockholm-pride\/\">Read more &rarr;<\/a><\/p>\n","protected":false},"author":2,"featured_media":0,"comment_status":"open","ping_status":"open","sticky":false,"template":"","format":"standard","meta":{"footnotes":""},"categories":[1],"tags":[],"class_list":["post-5540","post","type-post","status-publish","format-standard","hentry","category-uncategorized"],"_links":{"self":[{"href":"https:\/\/www.mariaabrahamsson.nu\/index.php\/wp-json\/wp\/v2\/posts\/5540","targetHints":{"allow":["GET"]}}],"collection":[{"href":"https:\/\/www.mariaabrahamsson.nu\/index.php\/wp-json\/wp\/v2\/posts"}],"about":[{"href":"https:\/\/www.mariaabrahamsson.nu\/index.php\/wp-json\/wp\/v2\/types\/post"}],"author":[{"embeddable":true,"href":"https:\/\/www.mariaabrahamsson.nu\/index.php\/wp-json\/wp\/v2\/users\/2"}],"replies":[{"embeddable":true,"href":"https:\/\/www.mariaabrahamsson.nu\/index.php\/wp-json\/wp\/v2\/comments?post=5540"}],"version-history":[{"count":0,"href":"https:\/\/www.mariaabrahamsson.nu\/index.php\/wp-json\/wp\/v2\/posts\/5540\/revisions"}],"wp:attachment":[{"href":"https:\/\/www.mariaabrahamsson.nu\/index.php\/wp-json\/wp\/v2\/media?parent=5540"}],"wp:term":[{"taxonomy":"category","embeddable":true,"href":"https:\/\/www.mariaabrahamsson.nu\/index.php\/wp-json\/wp\/v2\/categories?post=5540"},{"taxonomy":"post_tag","embeddable":true,"href":"https:\/\/www.mariaabrahamsson.nu\/index.php\/wp-json\/wp\/v2\/tags?post=5540"}],"curies":[{"name":"wp","href":"https:\/\/api.w.org\/{rel}","templated":true}]}}