{"id":5520,"date":"2011-08-02T16:23:18","date_gmt":"2011-08-02T14:23:18","guid":{"rendered":"http:\/\/www.mariaabrahamsson.nu\/?p=5520"},"modified":"2011-08-05T21:06:23","modified_gmt":"2011-08-05T19:06:23","slug":"sjoberg-kranktes-som-barn-lundstrom-oversatter-mangaserier","status":"publish","type":"post","link":"https:\/\/www.mariaabrahamsson.nu\/index.php\/2011\/08\/02\/sjoberg-kranktes-som-barn-lundstrom-oversatter-mangaserier\/","title":{"rendered":"Sj\u00f6berg kr\u00e4nktes som barn, Lundstr\u00f6m \u00f6vers\u00e4tter Mangaserier"},"content":{"rendered":"<p><strong>S\u00e5 har traven<\/strong> med sommarl\u00e4sning minskat \u00e4nnu ett par\u00a0centimeter. Jag har precis avverkat\u00a0<a href=\"http:\/\/www.patriksjoberg.com\/\">Patrik Sj\u00f6bergs <\/a>sj\u00e4lvbiografi <a href=\"http:\/\/www.norstedts.se\/bocker\/utgiven\/2011\/Var\/sjoberg_patrik-det_du_inte_sag-inbunden\/\">&#8221;Det du inte s\u00e5g&#8221;<\/a>.<\/p>\n<p>Precis som Sj\u00f6berg (inbillar jag mig) \u00e4r boken r\u00e4tt\u00a0pratig och st\u00f6kig, visst.\u00a0Men det g\u00e5r inte att komma ifr\u00e5n\u00a0att den ocks\u00e5 k\u00e4nns mycket uppriktig och utl\u00e4mnande.\u00a0Avgjort starkast intryck p\u00e5 mig g\u00f6r\u00a0Sj\u00f6bergs\u00a0markering att han minsann inte\u00a0\u00e4r\u00a0ett offer.<\/p>\n<p><strong>Nix,\u00a0och detta trots<\/strong> \u00f6vergreppen som han utsattes f\u00f6r av sin\u00a0styvfar och tr\u00e4nare Viljo Nousiainen med efterf\u00f6ljande \u00e4ckelk\u00e4nslor. Likafullt understryker Sj\u00f6berg\u00a0att han lever ett lyckligt\u00a0liv &#8211; ja, till och med ett <em>v\u00e4ldigt<\/em> lyckligt liv\u00a0(sid 399). Det \u00e4r en v\u00e4rdefull information och en nyttig p\u00e5minnelse\u00a0inte minst f\u00f6r oss\u00a0i lagstiftarbranschen som har en tendens\u00a0att\u00a0vilja\u00a0kleta offerst\u00e4mpeln i pannan p\u00e5 folk.\u00a0Nej,\u00a0s\u00e5n \u00e4r f\u00f6rst\u00e5s<a href=\"http:\/\/www.svd.se\/opinion\/ledarsidan\/valdtagna-kvinnor-vill-inte-heller-bli-stamplade-i-pannan_1184899.svd\"> inte jag<\/a>!<\/p>\n<p>I dagens internetv\u00e4rld hade Viljo inte haft en chans, skriver Sj\u00f6berg och menar att hans tr\u00e4nare\u00a0skulle ha &#8221;suttit\u00a0och laddat ner m\u00e4ngder med bilder och filmer fr\u00e5n skumma sajter och sedan \u00e5kt dit i n\u00e5gon barnpornografirazzia&#8221;.\u00a0Det ligger onekligen mycket i den\u00a0hypotesen.\u00a0Bet\u00e4nker man dessutom\u00a0att pedofiler ofta filmar sina egna \u00f6vergrepp skulle Viljo Nousiainen\u00a0sannolikt ocks\u00e5\u00a0ha \u00e5kt fast\u00a0f\u00f6r sina sexuella f\u00f6rgripelser p\u00e5\u00a0Patrik Sj\u00f6berg och m\u00e5nga andra unga friidrottspojkar som han genom \u00e5ren\u00a0f\u00e5ngade i sitt garn.<\/p>\n<p><strong>En som faktiskt har<\/strong> \u00e5kt dit och d\u00f6mts\u00a0f\u00f6r barnpornografibrott \u00e4r Simon\u00a0Lundstr\u00f6m, \u00f6vers\u00e4ttare av tecknade Mangaserier. Jag har tidigare beklagat att jag <a href=\"http:\/\/www.mariaabrahamsson.nu\/index.php\/2011\/05\/22\/erkanner-jag-vaknade-sent-i-mangafallet-men-klarvaken-nu\/\">vaknade sent<\/a> i den h\u00e4r principiellt\u00a0mycket viktiga fr\u00e5gan om\u00a0var gr\u00e4nsen g\u00e5r yttrandefriheten.<\/p>\n<p>Lundstr\u00f6m har allts\u00e5\u00a0utf\u00f6rt sitt jobb som g\u00e5r ut p\u00e5 att \u00f6vers\u00e4tta\u00a0serier med tecknade, fiktiva\u00a0barn\u00a0i sexuella sammanhang. En verksamhet som inte p\u00e5 n\u00e5got s\u00e4tt kr\u00e4nker verkliga barn och som d\u00e4rf\u00f6r borde vara till\u00e5tet. Likafullt tycks barnpornografidomarna mot honom\u00a0vara helt i linje med lagstiftningen som den ser ut i dag.<\/p>\n<p><strong>Detta \u00e4r absurt, och<\/strong> det var ocks\u00e5 budskapet i artikeln som\u00a0undertecknad och\u00a0<a href=\"http:\/\/www.tu.se\/pressrum\/soek\/pressmeddelanden\/3369-jeanette-gustafsdotter-ny-vd-foer-tidningsutgivarna\">Tidningsutgivarnas tilltr\u00e4dande vd <\/a>Jeanette Gustafsdotter fick<a href=\"http:\/\/www.dn.se\/kultur-noje\/debatt-essa\/mangamalet-absurt-att-lagen-gor-serieexperter-till-pedofiler\"> publicerad <\/a>h\u00e4romdagen.\u00a0Med uppmaning till H\u00f6gsta domstolen att ta sig an\u00a0detta konstitutionella haveri!<\/p>\n","protected":false},"excerpt":{"rendered":"<p>S\u00e5 har traven med sommarl\u00e4sning minskat \u00e4nnu ett par\u00a0centimeter. Jag har precis avverkat\u00a0Patrik Sj\u00f6bergs sj\u00e4lvbiografi &#8221;Det du inte s\u00e5g&#8221;. Precis som Sj\u00f6berg (inbillar jag mig) \u00e4r boken r\u00e4tt\u00a0pratig och st\u00f6kig, visst.\u00a0Men det g\u00e5r inte att komma ifr\u00e5n\u00a0att den ocks\u00e5 k\u00e4nns mycket uppriktig och utl\u00e4mnande.\u00a0Avgjort starkast intryck p\u00e5 mig g\u00f6r\u00a0Sj\u00f6bergs\u00a0markering att han minsann inte\u00a0\u00e4r\u00a0ett offer. Nix,\u00a0och&hellip;<\/p>\n<p class=\"more-link-p\"><a class=\"more-link\" href=\"https:\/\/www.mariaabrahamsson.nu\/index.php\/2011\/08\/02\/sjoberg-kranktes-som-barn-lundstrom-oversatter-mangaserier\/\">Read more &rarr;<\/a><\/p>\n","protected":false},"author":2,"featured_media":0,"comment_status":"open","ping_status":"open","sticky":false,"template":"","format":"standard","meta":{"footnotes":""},"categories":[1],"tags":[],"class_list":["post-5520","post","type-post","status-publish","format-standard","hentry","category-uncategorized"],"_links":{"self":[{"href":"https:\/\/www.mariaabrahamsson.nu\/index.php\/wp-json\/wp\/v2\/posts\/5520","targetHints":{"allow":["GET"]}}],"collection":[{"href":"https:\/\/www.mariaabrahamsson.nu\/index.php\/wp-json\/wp\/v2\/posts"}],"about":[{"href":"https:\/\/www.mariaabrahamsson.nu\/index.php\/wp-json\/wp\/v2\/types\/post"}],"author":[{"embeddable":true,"href":"https:\/\/www.mariaabrahamsson.nu\/index.php\/wp-json\/wp\/v2\/users\/2"}],"replies":[{"embeddable":true,"href":"https:\/\/www.mariaabrahamsson.nu\/index.php\/wp-json\/wp\/v2\/comments?post=5520"}],"version-history":[{"count":0,"href":"https:\/\/www.mariaabrahamsson.nu\/index.php\/wp-json\/wp\/v2\/posts\/5520\/revisions"}],"wp:attachment":[{"href":"https:\/\/www.mariaabrahamsson.nu\/index.php\/wp-json\/wp\/v2\/media?parent=5520"}],"wp:term":[{"taxonomy":"category","embeddable":true,"href":"https:\/\/www.mariaabrahamsson.nu\/index.php\/wp-json\/wp\/v2\/categories?post=5520"},{"taxonomy":"post_tag","embeddable":true,"href":"https:\/\/www.mariaabrahamsson.nu\/index.php\/wp-json\/wp\/v2\/tags?post=5520"}],"curies":[{"name":"wp","href":"https:\/\/api.w.org\/{rel}","templated":true}]}}