{"id":5453,"date":"2011-07-25T18:18:27","date_gmt":"2011-07-25T16:18:27","guid":{"rendered":"http:\/\/www.mariaabrahamsson.nu\/?p=5453"},"modified":"2011-08-05T21:08:41","modified_gmt":"2011-08-05T19:08:41","slug":"tv-sand-terrorrattegangen-i-norge","status":"publish","type":"post","link":"https:\/\/www.mariaabrahamsson.nu\/index.php\/2011\/07\/25\/tv-sand-terrorrattegangen-i-norge\/","title":{"rendered":"M\u00e5tte Norge TV-s\u00e4nda terrorr\u00e4tteg\u00e5ngen"},"content":{"rendered":"<p><strong><strong>Sj\u00e4lv tror ja<\/strong>g inte en sekund <\/strong>att Oslos Byrett \u00f6ver huvud taget \u00f6verv\u00e4gde att tillm\u00f6tesg\u00e5 Anders Behring Breiviks\u00a0beg\u00e4ran om \u00f6ppna d\u00f6rrar vid dagens domstolsf\u00f6rhandling, d\u00e4r han <a href=\"http:\/\/svt.se\/2.105671\/nyheter\">h\u00e4ktades<\/a> f\u00f6r\u00a0fredagens attentat mot norska regeringskansliet och massakern p\u00e5 l\u00e4gerfirande ungdomar p\u00e5 Ut\u00f6ya.<\/p>\n<p>H\u00e4ktningsf\u00f6rhandlingar inf\u00f6r \u00f6ppen rid\u00e5 \u00e4r s\u00e4llsynta, b\u00e5de i Norge och Sverige. Det vanligaste sk\u00e4let \u00e4r att \u00f6ppenhet i s\u00e5dana h\u00e4r sammanhang riskerar att f\u00f6rsv\u00e5ra f\u00f6runders\u00f6kningen och i slut\u00e4ndan leda till att f\u00e4rre skyldiga och i v\u00e4rsta fall fel personer d\u00f6ms i domstolen. Sj\u00e4lvklart kan\u00a0brottsutredningen p\u00e5 det h\u00e4r stadiet beh\u00f6va h\u00e5llas hemlig, inte minst f\u00f6r att undvika att eventuella medskyldiga alltf\u00f6r tidigt f\u00e5r insyn i utredningsl\u00e4get.<\/p>\n<p><strong>Mycket riktigt, risken<\/strong> f\u00f6r att Anders Behring Breivik i samband med dagens f\u00f6rhandling skulle utnyttja offentligheten till att skicka hemliga koder till eventuella medhj\u00e4lpare &#8211; och p\u00e5 s\u00e5 vis sabotera polisens arbete &#8211; anf\u00f6rs som grund f\u00f6r domstolens beslut att inte sl\u00e4ppa in allm\u00e4nheten och den f\u00f6rsamlade v\u00e4rldspressen i r\u00e4ttssalen. Dessutom fanns det en hotbild utifr\u00e5n mot de agerande i domstolen. H\u00e4ktningsdomarens beslut var det enda rimliga.<\/p>\n<p>Mer sp\u00e4nd \u00e4r jag inf\u00f6r domstolens beslut om insynen n\u00e4r det s\u00e5 sm\u00e5ningom blir dags f\u00f6r huvudf\u00f6rhandling mot Anders Behring Breivik. Precis som i Sverige \u00e4r i Norge huvudregeln offentlighet. Att r\u00e4tteg\u00e5ngen \u00e4ger rum f\u00f6r \u00f6ppna d\u00f6rrar utg\u00e5r jag allts\u00e5 ifr\u00e5n. Men kommer domstolen i Norge att best\u00e4mma att r\u00e4tteg\u00e5ngen mot landets mest hatade m\u00e4nniska sedan <a href=\"http:\/\/sv.wikipedia.org\/wiki\/Vidkun_Quisling\">Vidkun Quisling<\/a> ska tv-s\u00e4ndas?<\/p>\n<p><strong>Till skillnad fr\u00e5n i Sverige<\/strong> har Norge redan\u00a0<a href=\"http:\/\/www.timbro.se\/bokhandel\/pdf\/9175665337.pdf\">den m\u00f6jligheten<\/a>, och s\u00e5vitt jag har uppsnappat finns det 80 \u00e5h\u00f6rarplatser i den aktuella r\u00e4ttssalen.<\/p>\n<p>S\u00e5 nej, det \u00e4r ingen id\u00e9 att s\u00e4tta sig p\u00e5 Oslot\u00e5get och \u00e5ka dit. Knappt ens f\u00f6r journalister. S\u00e5 h\u00e5ll tummarna f\u00f6r att det blir en tv-s\u00e4nd r\u00e4tteg\u00e5ng mot Norges, Nordens, ja en av Europas v\u00e4rsta massm\u00f6rdare i modern tid.<\/p>\n","protected":false},"excerpt":{"rendered":"<p>Sj\u00e4lv tror jag inte en sekund att Oslos Byrett \u00f6ver huvud taget \u00f6verv\u00e4gde att tillm\u00f6tesg\u00e5 Anders Behring Breiviks\u00a0beg\u00e4ran om \u00f6ppna d\u00f6rrar vid dagens domstolsf\u00f6rhandling, d\u00e4r han h\u00e4ktades f\u00f6r\u00a0fredagens attentat mot norska regeringskansliet och massakern p\u00e5 l\u00e4gerfirande ungdomar p\u00e5 Ut\u00f6ya. H\u00e4ktningsf\u00f6rhandlingar inf\u00f6r \u00f6ppen rid\u00e5 \u00e4r s\u00e4llsynta, b\u00e5de i Norge och Sverige. Det vanligaste sk\u00e4let \u00e4r att&hellip;<\/p>\n<p class=\"more-link-p\"><a class=\"more-link\" href=\"https:\/\/www.mariaabrahamsson.nu\/index.php\/2011\/07\/25\/tv-sand-terrorrattegangen-i-norge\/\">Read more &rarr;<\/a><\/p>\n","protected":false},"author":2,"featured_media":0,"comment_status":"open","ping_status":"open","sticky":false,"template":"","format":"standard","meta":{"footnotes":""},"categories":[1],"tags":[],"class_list":["post-5453","post","type-post","status-publish","format-standard","hentry","category-uncategorized"],"_links":{"self":[{"href":"https:\/\/www.mariaabrahamsson.nu\/index.php\/wp-json\/wp\/v2\/posts\/5453","targetHints":{"allow":["GET"]}}],"collection":[{"href":"https:\/\/www.mariaabrahamsson.nu\/index.php\/wp-json\/wp\/v2\/posts"}],"about":[{"href":"https:\/\/www.mariaabrahamsson.nu\/index.php\/wp-json\/wp\/v2\/types\/post"}],"author":[{"embeddable":true,"href":"https:\/\/www.mariaabrahamsson.nu\/index.php\/wp-json\/wp\/v2\/users\/2"}],"replies":[{"embeddable":true,"href":"https:\/\/www.mariaabrahamsson.nu\/index.php\/wp-json\/wp\/v2\/comments?post=5453"}],"version-history":[{"count":0,"href":"https:\/\/www.mariaabrahamsson.nu\/index.php\/wp-json\/wp\/v2\/posts\/5453\/revisions"}],"wp:attachment":[{"href":"https:\/\/www.mariaabrahamsson.nu\/index.php\/wp-json\/wp\/v2\/media?parent=5453"}],"wp:term":[{"taxonomy":"category","embeddable":true,"href":"https:\/\/www.mariaabrahamsson.nu\/index.php\/wp-json\/wp\/v2\/categories?post=5453"},{"taxonomy":"post_tag","embeddable":true,"href":"https:\/\/www.mariaabrahamsson.nu\/index.php\/wp-json\/wp\/v2\/tags?post=5453"}],"curies":[{"name":"wp","href":"https:\/\/api.w.org\/{rel}","templated":true}]}}