{"id":5432,"date":"2011-07-23T18:40:28","date_gmt":"2011-07-23T16:40:28","guid":{"rendered":"http:\/\/www.mariaabrahamsson.nu\/?p=5432"},"modified":"2011-08-05T21:08:55","modified_gmt":"2011-08-05T19:08:55","slug":"har-skrivit-av-planerna-pa-tvallens-enda-sommardans","status":"publish","type":"post","link":"https:\/\/www.mariaabrahamsson.nu\/index.php\/2011\/07\/23\/har-skrivit-av-planerna-pa-tvallens-enda-sommardans\/","title":{"rendered":"Har skrivit av planerna p\u00e5 Tv\u00e4llens enda sommardans"},"content":{"rendered":"<p><strong>Ett konfirmationsl\u00e4ger i \u00f6l\u00e4ndska<\/strong> <a href=\"http:\/\/www.kopingsvik.se\/\">K\u00f6pingsvik<\/a> och en handfull mer fostrande seglarl\u00e4ger i<a href=\"http:\/\/www3.idrottonline.se\/default.aspx?id=387890\"> Segels\u00e4llskapet Vikingarnas <\/a>regi p\u00e5 klubbholmen i V\u00e4stra sj\u00f6n, Kalmar. Det \u00e4r allt i l\u00e4gerv\u00e4g som jag kan stoltsera med.<\/p>\n<p>Hittills har jag allts\u00e5 inte varit p\u00e5 l\u00e4ger med partikompisar. F\u00f6rklaringen \u00e4r att jag inte blev politiskt medveten f\u00f6rr\u00e4n i 28-\u00e5rs\u00e5ldern, jag p\u00e5minns om det aprop\u00e5 den fasansfulla\u00a0<a href=\"http:\/\/www.bbc.co.uk\/news\/world-europe-14262956\">massakern p\u00e5 norska Ut\u00f6ya<\/a>.<\/p>\n<p><strong>P\u00e5 grund av &#8221;f\u00f6r f\u00e5 <\/strong>anm\u00e4lda&#8221; st\u00e4llde man in dagens finskinspirerade\u00a0<a href=\"http:\/\/www.vf.se\/nyheter\/karlstad\/sm-tavling-i-karringkank-stalls\">&#8221;K\u00e4rringk\u00e5nk&#8221;<\/a> i Molkom. Ett framsynt beslut med facit i hand. Visst, jippot retar s\u00e4kert de genuskorrekta, men det \u00e4r helt deras problem. En dag som denna, n\u00e4r antalet bekr\u00e4ftade d\u00f6da efter tragedin i Norge g\u00e5tt upp till 92, \u00e4r det inte r\u00e4tt tillf\u00e4lle f\u00f6r de &#8221;muntra tillrop, skrik och skratt&#8221; som arrang\u00f6rerna hade utlovat.<\/p>\n<p>Arvikasonen <a href=\"http:\/\/svtplay.se\/v\/1557229\/en_dag_med_lennart_persson\">Lennart Persson<\/a> har i kv\u00e4ll det hedersamma uppdraget att <a href=\"http:\/\/www.youtube.com\/watch?v=Tm2HpyYtJn0\">t\u00e4nda milan<\/a> n\u00e4r <a href=\"http:\/\/www.gammelvala.se\/gammelvala\/\">Gammelvala<\/a> invigs i v\u00e4rml\u00e4ndska Brunskog. H\u00e4rom\u00e5ret f\u00f6ll lotten p\u00e5 Perssons forne SVT-kollega\u00a0<a href=\"http:\/\/www.google.com\/imgres?q=K+G+Bergstr\u00f6m+och+milan&amp;um=1&amp;hl=sv&amp;client=safari&amp;sa=N&amp;rls=en&amp;biw=1201&amp;bih=578&amp;tbm=isch&amp;tbnid=8svUATd06qP6HM:&amp;imgrefurl=http:\/\/www.nwt.se\/arvika\/article558653.ece&amp;docid=l5AZOB6rfbPssM&amp;itg=1&amp;w=699&amp;h=484&amp;ei=dukqTqunL8bChAfwzMCqCw&amp;zoom=1&amp;iact=hc&amp;vpx=293&amp;vpy=242&amp;dur=1005&amp;hovh=187&amp;hovw=270&amp;tx=97&amp;ty=89&amp;page=1&amp;tbnh=136&amp;tbnw=181&amp;start=0&amp;ndsp=17&amp;ved=1t:429,r:6,s:0\">K-G Bergstr\u00f6m<\/a>, och d\u00e5 var jag d\u00e4r och hejade.<\/p>\n<p>Men <a href=\"http:\/\/www.aftenposten.no\/\">i kv\u00e4ll<\/a> &#8230;\u00a0Lennart, du f\u00f6rst\u00e5r. Vi f\u00e5r ses en annan g\u00e5ng.<\/p>\n<p><a href=\"http:\/\/www.mariaabrahamsson.nu\/wp-content\/uploads\/2011\/07\/Tv\u00e4llens-enda-dans-i-sommar..jpeg\"><img loading=\"lazy\" decoding=\"async\" class=\"alignleft size-medium wp-image-5430\" title=\"Tv\u00e4llens enda dans i sommar.\" src=\"http:\/\/www.mariaabrahamsson.nu\/wp-content\/uploads\/2011\/07\/Tv\u00e4llens-enda-dans-i-sommar.-168x300.jpg\" alt=\"\" width=\"168\" height=\"300\" srcset=\"https:\/\/www.mariaabrahamsson.nu\/wp-content\/uploads\/2011\/07\/Tv\u00e4llens-enda-dans-i-sommar.-168x300.jpg 168w, https:\/\/www.mariaabrahamsson.nu\/wp-content\/uploads\/2011\/07\/Tv\u00e4llens-enda-dans-i-sommar.-576x1024.jpg 576w, https:\/\/www.mariaabrahamsson.nu\/wp-content\/uploads\/2011\/07\/Tv\u00e4llens-enda-dans-i-sommar..jpeg 900w\" sizes=\"auto, (max-width: 168px) 100vw, 168px\" \/><\/a><strong>Som om min v\u00e4rml\u00e4ndska <\/strong>bygd denna \u00f6desdigra l\u00f6rdag inte skulle ha haft oturen att planera in nog med roligheter, bjuder en traditonsrik men sedan l\u00e4nge nedl\u00e4ggningshotad festplats n\u00e4ra mig denna afton upp till sommarens enda dans.<\/p>\n<p>Planerna p\u00e5 att cykla dit \u00e4r avskrivna. Inte bara p\u00e5 grund av \u00e5skan som just h\u00f6rs mullra \u00f6ver <a href=\"http:\/\/www.google.com\/imgres?q=fryksdalen&amp;um=1&amp;hl=sv&amp;client=safari&amp;sa=N&amp;rls=en&amp;biw=1201&amp;bih=578&amp;tbm=isch&amp;tbnid=GHcFQUoIDP5awM:&amp;imgrefurl=http:\/\/www.epochtimes.se\/articles\/2009\/07\/26\/17540.html&amp;docid=G6mHGtUOl_3fQM&amp;w=449&amp;h=337&amp;ei=NvcqTvKaJMLKhAfll72qCw&amp;zoom=1&amp;iact=rc&amp;dur=624&amp;page=1&amp;tbnh=139&amp;tbnw=229&amp;start=0&amp;ndsp=15&amp;ved=1t:429,r:3,s:0&amp;tx=110&amp;ty=78\">Fryksdalen<\/a>.<\/p>\n","protected":false},"excerpt":{"rendered":"<p>Ett konfirmationsl\u00e4ger i \u00f6l\u00e4ndska K\u00f6pingsvik och en handfull mer fostrande seglarl\u00e4ger i Segels\u00e4llskapet Vikingarnas regi p\u00e5 klubbholmen i V\u00e4stra sj\u00f6n, Kalmar. Det \u00e4r allt i l\u00e4gerv\u00e4g som jag kan stoltsera med. Hittills har jag allts\u00e5 inte varit p\u00e5 l\u00e4ger med partikompisar. F\u00f6rklaringen \u00e4r att jag inte blev politiskt medveten f\u00f6rr\u00e4n i 28-\u00e5rs\u00e5ldern, jag p\u00e5minns om&hellip;<\/p>\n<p class=\"more-link-p\"><a class=\"more-link\" href=\"https:\/\/www.mariaabrahamsson.nu\/index.php\/2011\/07\/23\/har-skrivit-av-planerna-pa-tvallens-enda-sommardans\/\">Read more &rarr;<\/a><\/p>\n","protected":false},"author":2,"featured_media":0,"comment_status":"open","ping_status":"open","sticky":false,"template":"","format":"standard","meta":{"footnotes":""},"categories":[1],"tags":[],"class_list":["post-5432","post","type-post","status-publish","format-standard","hentry","category-uncategorized"],"_links":{"self":[{"href":"https:\/\/www.mariaabrahamsson.nu\/index.php\/wp-json\/wp\/v2\/posts\/5432","targetHints":{"allow":["GET"]}}],"collection":[{"href":"https:\/\/www.mariaabrahamsson.nu\/index.php\/wp-json\/wp\/v2\/posts"}],"about":[{"href":"https:\/\/www.mariaabrahamsson.nu\/index.php\/wp-json\/wp\/v2\/types\/post"}],"author":[{"embeddable":true,"href":"https:\/\/www.mariaabrahamsson.nu\/index.php\/wp-json\/wp\/v2\/users\/2"}],"replies":[{"embeddable":true,"href":"https:\/\/www.mariaabrahamsson.nu\/index.php\/wp-json\/wp\/v2\/comments?post=5432"}],"version-history":[{"count":0,"href":"https:\/\/www.mariaabrahamsson.nu\/index.php\/wp-json\/wp\/v2\/posts\/5432\/revisions"}],"wp:attachment":[{"href":"https:\/\/www.mariaabrahamsson.nu\/index.php\/wp-json\/wp\/v2\/media?parent=5432"}],"wp:term":[{"taxonomy":"category","embeddable":true,"href":"https:\/\/www.mariaabrahamsson.nu\/index.php\/wp-json\/wp\/v2\/categories?post=5432"},{"taxonomy":"post_tag","embeddable":true,"href":"https:\/\/www.mariaabrahamsson.nu\/index.php\/wp-json\/wp\/v2\/tags?post=5432"}],"curies":[{"name":"wp","href":"https:\/\/api.w.org\/{rel}","templated":true}]}}