{"id":5404,"date":"2011-07-20T20:45:21","date_gmt":"2011-07-20T18:45:21","guid":{"rendered":"http:\/\/www.mariaabrahamsson.nu\/?p=5404"},"modified":"2011-07-20T20:46:14","modified_gmt":"2011-07-20T18:46:14","slug":"hart-pressad-david-cameron-kan-ha-ratt","status":"publish","type":"post","link":"https:\/\/www.mariaabrahamsson.nu\/index.php\/2011\/07\/20\/hart-pressad-david-cameron-kan-ha-ratt\/","title":{"rendered":"H\u00e5rt pressad David Cameron kan &#8230; v\u00e4l ocks\u00e5 ha r\u00e4tt?"},"content":{"rendered":"<p><strong>Efter ett par dagars <\/strong>blogguppeh\u00e5ll har jag samlat p\u00e5 mig en n\u00e4tt liten k\u00f6 \u00e4mnen som pockar p\u00e5 att bli kommenterade. Men inget sl\u00e5r dagens f\u00f6rh\u00f6r i brittiska parlamentet med premi\u00e4rminister <a href=\"http:\/\/sv.wikipedia.org\/wiki\/David_Cameron\">David Cameron<\/a>.<\/p>\n<p>Cameron m\u00e5 vara h\u00e5rt tr\u00e4ngd med anledning av <a href=\"http:\/\/www.svd.se\/naringsliv\/cameron-hors-om-avlyssningsskandalen_6333416.svd\">avlyssningsskandalen<\/a>. Jag f\u00f6rst\u00e5r det, och det b\u00f6r han kanske ocks\u00e5 vara. Det medges, jag har inte f\u00f6ljt aff\u00e4ren j\u00e4ttenoga. Men jag skulle nog ha sett om det i svenska nyhetsmedier s\u00e5 mycket som hade antytts att David Cameron blivit beskylld f\u00f6r att ha haft ett pyjamasparty med den i dagarna <a href=\"http:\/\/www.newsoftheworld.co.uk\/\">nedlagda skandaltidningens<\/a> f\u00f6re detta chefredakt\u00f6r <a href=\"http:\/\/sverigesradio.se\/sida\/artikel.aspx?programid=83&amp;artikel=4608673\">Rebekah Brooks<\/a>.<\/p>\n<p><strong>\u00c4nd\u00e5 st\u00e5r <\/strong>Cameron <a href=\"http:\/\/www.tv4play.se\/nyheter_och_debatt\/nyheterna?title=cameron_jag_har_aldrig_sett_henne_i_pyjamas&amp;videoid=1809076\">h\u00e4r<\/a> och raljerar \u00f6ver att han &#8221;aldrig har sett henne i pyjamas!&#8221; Att d\u00f6ma av gabflabben gick &#8221;sk\u00e4mtet&#8221; hem.<\/p>\n<p>Men fy f-n vilket mansgrisigt beteende! Det var min f\u00f6rsta tanke &#8211; som mildrades n\u00e4r jag\u00a0<a href=\"http:\/\/www.firstpost.com\/fwire\/never-saw-rebekkah-in-her-pyjamas-cameron-45154.html\">h\u00e4r<\/a> ser\u00a0att det trots allt finns en f\u00f6rklaring till premi\u00e4rministerns sexistiska utfall. Om han utan grund anklagas f\u00f6r att ha deltagit i ett &#8221;slumber party&#8221; med News of the Word-topparna har han sj\u00e4lvklart r\u00e4tt att f\u00f6rsvara sig.<\/p>\n<p><strong>Men vad som \u00e4r sant <\/strong>och osant \u00e4r om\u00f6jligt att veta.\u00a0Minns Bill Clintons &#8221;I did not have sexual relations with that woman&#8221;&#8230;\u00a0vilket han f\u00f6rvisso hade haft &#8230;<\/p>\n","protected":false},"excerpt":{"rendered":"<p>Efter ett par dagars blogguppeh\u00e5ll har jag samlat p\u00e5 mig en n\u00e4tt liten k\u00f6 \u00e4mnen som pockar p\u00e5 att bli kommenterade. Men inget sl\u00e5r dagens f\u00f6rh\u00f6r i brittiska parlamentet med premi\u00e4rminister David Cameron. Cameron m\u00e5 vara h\u00e5rt tr\u00e4ngd med anledning av avlyssningsskandalen. Jag f\u00f6rst\u00e5r det, och det b\u00f6r han kanske ocks\u00e5 vara. Det medges, jag&hellip;<\/p>\n<p class=\"more-link-p\"><a class=\"more-link\" href=\"https:\/\/www.mariaabrahamsson.nu\/index.php\/2011\/07\/20\/hart-pressad-david-cameron-kan-ha-ratt\/\">Read more &rarr;<\/a><\/p>\n","protected":false},"author":2,"featured_media":0,"comment_status":"open","ping_status":"open","sticky":false,"template":"","format":"standard","meta":{"footnotes":""},"categories":[1],"tags":[],"class_list":["post-5404","post","type-post","status-publish","format-standard","hentry","category-uncategorized"],"_links":{"self":[{"href":"https:\/\/www.mariaabrahamsson.nu\/index.php\/wp-json\/wp\/v2\/posts\/5404","targetHints":{"allow":["GET"]}}],"collection":[{"href":"https:\/\/www.mariaabrahamsson.nu\/index.php\/wp-json\/wp\/v2\/posts"}],"about":[{"href":"https:\/\/www.mariaabrahamsson.nu\/index.php\/wp-json\/wp\/v2\/types\/post"}],"author":[{"embeddable":true,"href":"https:\/\/www.mariaabrahamsson.nu\/index.php\/wp-json\/wp\/v2\/users\/2"}],"replies":[{"embeddable":true,"href":"https:\/\/www.mariaabrahamsson.nu\/index.php\/wp-json\/wp\/v2\/comments?post=5404"}],"version-history":[{"count":0,"href":"https:\/\/www.mariaabrahamsson.nu\/index.php\/wp-json\/wp\/v2\/posts\/5404\/revisions"}],"wp:attachment":[{"href":"https:\/\/www.mariaabrahamsson.nu\/index.php\/wp-json\/wp\/v2\/media?parent=5404"}],"wp:term":[{"taxonomy":"category","embeddable":true,"href":"https:\/\/www.mariaabrahamsson.nu\/index.php\/wp-json\/wp\/v2\/categories?post=5404"},{"taxonomy":"post_tag","embeddable":true,"href":"https:\/\/www.mariaabrahamsson.nu\/index.php\/wp-json\/wp\/v2\/tags?post=5404"}],"curies":[{"name":"wp","href":"https:\/\/api.w.org\/{rel}","templated":true}]}}