{"id":5262,"date":"2011-06-30T23:54:21","date_gmt":"2011-06-30T21:54:21","guid":{"rendered":"http:\/\/www.mariaabrahamsson.nu\/?p=5262"},"modified":"2011-06-30T23:56:22","modified_gmt":"2011-06-30T21:56:22","slug":"sommarinkallad-lagstiftare-ater-i-stan","status":"publish","type":"post","link":"https:\/\/www.mariaabrahamsson.nu\/index.php\/2011\/06\/30\/sommarinkallad-lagstiftare-ater-i-stan\/","title":{"rendered":"Sommarinkallad lagstiftare \u00e5ter i stan"},"content":{"rendered":"<p><strong>I afton \u00e5ter <\/strong>i huvudstaden efter en vecka i V\u00e4rmlandsskogen. Det var varmt och gosigt i t\u00e5get, om jag s\u00e4ger s\u00e5. Jag tror inte att killen som satt mittemot i sin vildaste fantasi kunde gissa att den seri\u00f6st tidnings- och dokumentl\u00e4sande kvinnan framf\u00f6r honom var p\u00e5 v\u00e4g till morgondagens <a href=\"http:\/\/www.gunnaraxen.se\/\">extrainkallade riksdag<\/a> med arbetsplenum och efterf\u00f6ljande votering. Yes, jag hade god lust att tala om <a href=\"http:\/\/sverigesradio.se\/sida\/artikel.aspx?programid=83&amp;artikel=4580159\">varf\u00f6r<\/a>, men avstod.<\/p>\n<p>Men dessf\u00f6rinnan, klockan 08.00 i morgon bitti, har jag ett efterl\u00e4ngtat tr\u00e4ningspass inplanerat med <a href=\"http:\/\/www.spiftriathlon.com\/profile\/ErikaRosenbaum\">Erika<\/a>. P\u00e5 Skeppsholmen, om jag f\u00e5r best\u00e4mma. Det \u00e4r flera veckor sedan sist och nu \u00e4r jag v\u00e4ldigt sp\u00e4nd p\u00e5 om mina l\u00e5gintensiva l\u00f6pturer och styrke\u00f6vningar p\u00e5 egen hand \u00e4nd\u00e5 har gjort n\u00e5gon nytta. Vi f\u00e5r se.<\/p>\n<p><strong>P\u00e5 tal om <\/strong>n\u00e5got annat. I min favoritsosses tidning\u00a0<a href=\"http:\/\/www.folkbladet.se\/nyheter\/\">Folkbladet<\/a> kan man l\u00e4sa en &#8221;ganska&#8221; tankev\u00e4ckande artikel p\u00e5 temat: Politikens viktigaste konflikt. Ja, vilken \u00e4r den? \u00a0L\u00e4s\u00a0<a href=\"http:\/\/www.folkbladet.se\/opinion\/ledare\/default.aspx?articleid=5692307\">h\u00e4r<\/a>!<\/p>\n","protected":false},"excerpt":{"rendered":"<p>I afton \u00e5ter i huvudstaden efter en vecka i V\u00e4rmlandsskogen. Det var varmt och gosigt i t\u00e5get, om jag s\u00e4ger s\u00e5. Jag tror inte att killen som satt mittemot i sin vildaste fantasi kunde gissa att den seri\u00f6st tidnings- och dokumentl\u00e4sande kvinnan framf\u00f6r honom var p\u00e5 v\u00e4g till morgondagens extrainkallade riksdag med arbetsplenum och efterf\u00f6ljande&hellip;<\/p>\n<p class=\"more-link-p\"><a class=\"more-link\" href=\"https:\/\/www.mariaabrahamsson.nu\/index.php\/2011\/06\/30\/sommarinkallad-lagstiftare-ater-i-stan\/\">Read more &rarr;<\/a><\/p>\n","protected":false},"author":2,"featured_media":0,"comment_status":"open","ping_status":"open","sticky":false,"template":"","format":"standard","meta":{"footnotes":""},"categories":[1],"tags":[],"class_list":["post-5262","post","type-post","status-publish","format-standard","hentry","category-uncategorized"],"_links":{"self":[{"href":"https:\/\/www.mariaabrahamsson.nu\/index.php\/wp-json\/wp\/v2\/posts\/5262","targetHints":{"allow":["GET"]}}],"collection":[{"href":"https:\/\/www.mariaabrahamsson.nu\/index.php\/wp-json\/wp\/v2\/posts"}],"about":[{"href":"https:\/\/www.mariaabrahamsson.nu\/index.php\/wp-json\/wp\/v2\/types\/post"}],"author":[{"embeddable":true,"href":"https:\/\/www.mariaabrahamsson.nu\/index.php\/wp-json\/wp\/v2\/users\/2"}],"replies":[{"embeddable":true,"href":"https:\/\/www.mariaabrahamsson.nu\/index.php\/wp-json\/wp\/v2\/comments?post=5262"}],"version-history":[{"count":0,"href":"https:\/\/www.mariaabrahamsson.nu\/index.php\/wp-json\/wp\/v2\/posts\/5262\/revisions"}],"wp:attachment":[{"href":"https:\/\/www.mariaabrahamsson.nu\/index.php\/wp-json\/wp\/v2\/media?parent=5262"}],"wp:term":[{"taxonomy":"category","embeddable":true,"href":"https:\/\/www.mariaabrahamsson.nu\/index.php\/wp-json\/wp\/v2\/categories?post=5262"},{"taxonomy":"post_tag","embeddable":true,"href":"https:\/\/www.mariaabrahamsson.nu\/index.php\/wp-json\/wp\/v2\/tags?post=5262"}],"curies":[{"name":"wp","href":"https:\/\/api.w.org\/{rel}","templated":true}]}}