{"id":5247,"date":"2011-06-28T22:49:41","date_gmt":"2011-06-28T20:49:41","guid":{"rendered":"http:\/\/www.mariaabrahamsson.nu\/?p=5247"},"modified":"2011-06-28T23:00:41","modified_gmt":"2011-06-28T21:00:41","slug":"lopfoten-holl-lika-bra-som-zelmerlow-pa-skansen","status":"publish","type":"post","link":"https:\/\/www.mariaabrahamsson.nu\/index.php\/2011\/06\/28\/lopfoten-holl-lika-bra-som-zelmerlow-pa-skansen\/","title":{"rendered":"L\u00f6pfoten h\u00f6ll lika bra som Zelmerl\u00f6w p\u00e5 Skansen"},"content":{"rendered":"<p><strong>Dagens sommarprat <\/strong>med byggnadsantikvarie <a href=\"http:\/\/sverigesradio.se\/sida\/play.aspx?ljud=3230296\">G\u00f6ran Gudmundsson<\/a><strong><a href=\"http:\/\/sverigesradio.se\/sida\/play.aspx?ljud=3230296\"> <\/a><\/strong>var en h\u00f6jdare. Nej, det verkade inte s\u00e5 fr\u00e5n b\u00f6rjan, men ju l\u00e4ngre programmet fortskred, desto mer uppm\u00e4rksam och imponerad blev jag.<\/p>\n<p>N\u00e4r Gudmundsson\u00a0kom till sommarpratets grand finale och uppmanade oss som i sommar har ett hus att renovera att strunta i det eftersom husets historia sitter i v\u00e4ggarna och m\u00e5r b\u00e4st av att vara som det \u00e4r, d\u00e5 tittade jag med nyfr\u00e4lst blick upp p\u00e5 min murkna och flagnande veranda och nickade allvarligt inst\u00e4mmande. H\u00e4r blir minsann ingen skrapning och omm\u00e5lning! I alla fall inte sommar&#8230;<\/p>\n<p><strong>En annan man <\/strong>som i dag eller snarare i kv\u00e4ll har imponerat p\u00e5 mig \u00e4r M\u00e5ns Zelmerl\u00f6w.<\/p>\n<p>M\u00e5ns, du klarade galant kv\u00e4llens nerviga debut som <a href=\"http:\/\/svt.se\/2.37615\/allsang_pa_skansen\">alls\u00e5ngsledare<\/a> p\u00e5 Skansen! Och d\u00e5 ska du veta att jag genom \u00e5ren har blivit en ganska str\u00e4ng domare av detta spektakel. Jepp, jag f\u00f6rv\u00e4ntar mig en inbjudan i sommar. (Ja, till VIP-b\u00e4nken, inte till scenen&#8230;)<\/p>\n<p><a href=\"http:\/\/www.mariaabrahamsson.nu\/wp-content\/uploads\/2011\/06\/Eftermiddag-p\u00e5-stugtrappan3.jpeg\"><img loading=\"lazy\" decoding=\"async\" class=\"alignleft size-medium wp-image-5251\" title=\"Eftermiddag p\u00e5 stugtrappan\" src=\"http:\/\/www.mariaabrahamsson.nu\/wp-content\/uploads\/2011\/06\/Eftermiddag-p\u00e5-stugtrappan3-225x300.jpg\" alt=\"\" width=\"225\" height=\"300\" srcset=\"https:\/\/www.mariaabrahamsson.nu\/wp-content\/uploads\/2011\/06\/Eftermiddag-p\u00e5-stugtrappan3-225x300.jpg 225w, https:\/\/www.mariaabrahamsson.nu\/wp-content\/uploads\/2011\/06\/Eftermiddag-p\u00e5-stugtrappan3.jpeg 480w\" sizes=\"auto, (max-width: 225px) 100vw, 225px\" \/><\/a><strong>Sj\u00e4lv passar jag<\/strong> p\u00e5 att i fulla drag njuta av n\u00e5gra ytterligare dagars semester h\u00e4r i stugan innan riksdagen p\u00e5 fredag \u00e5tersamlas och politikerveckan i Almedalen tar vid.<\/p>\n<p>St\u00e4mningsbilden h\u00e4rintill \u00e4r fr\u00e5n i eftermiddags. S\u00f6ta v\u00e4rml\u00e4ndska jordgubbar f\u00f6r 20 kronor litern, svalt vitt vin, mobilen, dagens Svenska och Timbros &#8221;Borgerlig framtid&#8221;, vad mer beh\u00f6vs f\u00f6r ett perfekt liv?<\/p>\n<p><strong>Men innan dess hade jag efter sju veckors ont<\/strong> i foten \u00e4ntligen f\u00e5tt avverka 7,5 km \u00a0(p\u00e5 kraftigt kuperad grusv\u00e4g i ljuvligt gr\u00f6n sommarinramning). Tiden kunde ha varit b\u00e4ttre, uret visade 58 minuter n\u00e4r jag stupade hemma p\u00e5 gr\u00e4smattan. Men i alla fall, foten h\u00e5ller.<\/p>\n<p>S\u00e5 nog f\u00e5r jag ligga i som en rem \u00e4ven i morgon och p\u00e5 torsdag inf\u00f6r fredagens morgonpass i Stockholm. Till skillnad fr\u00e5n min tr\u00e4nare har jag en bit kvar till superformen. Det f\u00f6rst\u00e5r man <a href=\"http:\/\/www.improveme.se\/erika\">h\u00e4r!<\/a><\/p>\n","protected":false},"excerpt":{"rendered":"<p>Dagens sommarprat med byggnadsantikvarie G\u00f6ran Gudmundsson var en h\u00f6jdare. Nej, det verkade inte s\u00e5 fr\u00e5n b\u00f6rjan, men ju l\u00e4ngre programmet fortskred, desto mer uppm\u00e4rksam och imponerad blev jag. N\u00e4r Gudmundsson\u00a0kom till sommarpratets grand finale och uppmanade oss som i sommar har ett hus att renovera att strunta i det eftersom husets historia sitter i v\u00e4ggarna&hellip;<\/p>\n<p class=\"more-link-p\"><a class=\"more-link\" href=\"https:\/\/www.mariaabrahamsson.nu\/index.php\/2011\/06\/28\/lopfoten-holl-lika-bra-som-zelmerlow-pa-skansen\/\">Read more &rarr;<\/a><\/p>\n","protected":false},"author":2,"featured_media":0,"comment_status":"open","ping_status":"open","sticky":false,"template":"","format":"standard","meta":{"footnotes":""},"categories":[1],"tags":[],"class_list":["post-5247","post","type-post","status-publish","format-standard","hentry","category-uncategorized"],"_links":{"self":[{"href":"https:\/\/www.mariaabrahamsson.nu\/index.php\/wp-json\/wp\/v2\/posts\/5247","targetHints":{"allow":["GET"]}}],"collection":[{"href":"https:\/\/www.mariaabrahamsson.nu\/index.php\/wp-json\/wp\/v2\/posts"}],"about":[{"href":"https:\/\/www.mariaabrahamsson.nu\/index.php\/wp-json\/wp\/v2\/types\/post"}],"author":[{"embeddable":true,"href":"https:\/\/www.mariaabrahamsson.nu\/index.php\/wp-json\/wp\/v2\/users\/2"}],"replies":[{"embeddable":true,"href":"https:\/\/www.mariaabrahamsson.nu\/index.php\/wp-json\/wp\/v2\/comments?post=5247"}],"version-history":[{"count":0,"href":"https:\/\/www.mariaabrahamsson.nu\/index.php\/wp-json\/wp\/v2\/posts\/5247\/revisions"}],"wp:attachment":[{"href":"https:\/\/www.mariaabrahamsson.nu\/index.php\/wp-json\/wp\/v2\/media?parent=5247"}],"wp:term":[{"taxonomy":"category","embeddable":true,"href":"https:\/\/www.mariaabrahamsson.nu\/index.php\/wp-json\/wp\/v2\/categories?post=5247"},{"taxonomy":"post_tag","embeddable":true,"href":"https:\/\/www.mariaabrahamsson.nu\/index.php\/wp-json\/wp\/v2\/tags?post=5247"}],"curies":[{"name":"wp","href":"https:\/\/api.w.org\/{rel}","templated":true}]}}