{"id":5241,"date":"2011-06-28T11:12:04","date_gmt":"2011-06-28T09:12:04","guid":{"rendered":"http:\/\/www.mariaabrahamsson.nu\/?p=5241"},"modified":"2011-06-28T11:19:20","modified_gmt":"2011-06-28T09:19:20","slug":"lockpriser-och-kladkoder-bada-ar-riksdagsfragor","status":"publish","type":"post","link":"https:\/\/www.mariaabrahamsson.nu\/index.php\/2011\/06\/28\/lockpriser-och-kladkoder-bada-ar-riksdagsfragor\/","title":{"rendered":"Lockpriser och kl\u00e4dkoder &#8211; b\u00e5da \u00e4r riksdagsfr\u00e5gor"},"content":{"rendered":"<p><strong>Lockprisel\u00e4ndet p\u00e5 bostadsmarknaden<\/strong> toppade Ekots <a href=\"http:\/\/sverigesradio.se\/sida\/artikel.aspx?programid=83&amp;artikel=4575516\">morgons\u00e4ndningar<\/a>. Och det kan jag ju s\u00e4ga; det \u00e4r inte ofta som fr\u00e5gorna i &#8221;mitt&#8221; <a href=\"http:\/\/www.riksdagen.se\/templates\/R_SubStartPage____10943.aspx\">riksdagsutskott<\/a> f\u00e5r den uppm\u00e4rksamheten.<\/p>\n<p>Men ett av v\u00e5rens lagstiftnings\u00e4renden i Civilutskottet var just den nya fastighetsm\u00e4klarlagen som tr\u00e4der i kraft om tre dagar, och den nya lagen inneh\u00e5ller inget f\u00f6rbud mot lockpriser. Varf\u00f6r och lite till f\u00f6rklarar jag <a href=\"http:\/\/alladessalagar.se\/2011\/06\/kommer-nya-lagen-att-satta-stopp-for-lockpriselandet\/\">h\u00e4r<\/a>, p\u00e5 den moderata civilkommitt\u00e9bloggen. (Som jag denna vecka har huvudansvar f\u00f6r).<\/p>\n<p><strong>S\u00e4rskilt s\u00e5 h\u00e4r<\/strong> i sommartider uppm\u00e4rksammas riksdagen \u00e4ven f\u00f6r l\u00e4ttsammare saker. I dag kan man till exempel\u00a0l\u00e4sa hur n\u00e5gra av oss ledam\u00f6ter &#8211; och ett statsr\u00e5d &#8211; uppfattar och efterlever riksdagens kl\u00e4dkod.\u00a0S\u00e5 <a href=\"http:\/\/www.svd.se\/nyheter\/inrikes\/kladkod-hett-amne-i-riksdagen_6277354.svd#maria-abrahamsson-m-47-ar-ledamot-i-civilutskottet\">h\u00e4r<\/a> tycker bland andra\u00a0jag, vad tycker du?<\/p>\n","protected":false},"excerpt":{"rendered":"<p>Lockprisel\u00e4ndet p\u00e5 bostadsmarknaden toppade Ekots morgons\u00e4ndningar. Och det kan jag ju s\u00e4ga; det \u00e4r inte ofta som fr\u00e5gorna i &#8221;mitt&#8221; riksdagsutskott f\u00e5r den uppm\u00e4rksamheten. Men ett av v\u00e5rens lagstiftnings\u00e4renden i Civilutskottet var just den nya fastighetsm\u00e4klarlagen som tr\u00e4der i kraft om tre dagar, och den nya lagen inneh\u00e5ller inget f\u00f6rbud mot lockpriser. Varf\u00f6r och lite&hellip;<\/p>\n<p class=\"more-link-p\"><a class=\"more-link\" href=\"https:\/\/www.mariaabrahamsson.nu\/index.php\/2011\/06\/28\/lockpriser-och-kladkoder-bada-ar-riksdagsfragor\/\">Read more &rarr;<\/a><\/p>\n","protected":false},"author":2,"featured_media":0,"comment_status":"open","ping_status":"open","sticky":false,"template":"","format":"standard","meta":{"footnotes":""},"categories":[1],"tags":[],"class_list":["post-5241","post","type-post","status-publish","format-standard","hentry","category-uncategorized"],"_links":{"self":[{"href":"https:\/\/www.mariaabrahamsson.nu\/index.php\/wp-json\/wp\/v2\/posts\/5241","targetHints":{"allow":["GET"]}}],"collection":[{"href":"https:\/\/www.mariaabrahamsson.nu\/index.php\/wp-json\/wp\/v2\/posts"}],"about":[{"href":"https:\/\/www.mariaabrahamsson.nu\/index.php\/wp-json\/wp\/v2\/types\/post"}],"author":[{"embeddable":true,"href":"https:\/\/www.mariaabrahamsson.nu\/index.php\/wp-json\/wp\/v2\/users\/2"}],"replies":[{"embeddable":true,"href":"https:\/\/www.mariaabrahamsson.nu\/index.php\/wp-json\/wp\/v2\/comments?post=5241"}],"version-history":[{"count":0,"href":"https:\/\/www.mariaabrahamsson.nu\/index.php\/wp-json\/wp\/v2\/posts\/5241\/revisions"}],"wp:attachment":[{"href":"https:\/\/www.mariaabrahamsson.nu\/index.php\/wp-json\/wp\/v2\/media?parent=5241"}],"wp:term":[{"taxonomy":"category","embeddable":true,"href":"https:\/\/www.mariaabrahamsson.nu\/index.php\/wp-json\/wp\/v2\/categories?post=5241"},{"taxonomy":"post_tag","embeddable":true,"href":"https:\/\/www.mariaabrahamsson.nu\/index.php\/wp-json\/wp\/v2\/tags?post=5241"}],"curies":[{"name":"wp","href":"https:\/\/api.w.org\/{rel}","templated":true}]}}