{"id":5182,"date":"2011-06-21T22:44:38","date_gmt":"2011-06-21T20:44:38","guid":{"rendered":"http:\/\/www.mariaabrahamsson.nu\/?p=5182"},"modified":"2011-06-21T23:50:30","modified_gmt":"2011-06-21T21:50:30","slug":"terminen-gar-mot-sitt-slut-och-jag-ar-stolt-moderat","status":"publish","type":"post","link":"https:\/\/www.mariaabrahamsson.nu\/index.php\/2011\/06\/21\/terminen-gar-mot-sitt-slut-och-jag-ar-stolt-moderat\/","title":{"rendered":"Terminen g\u00e5r mot sitt slut och jag \u00e4r stolt moderat"},"content":{"rendered":"<p><strong>F\u00f6r\u00a0att vara dygnet d\u00e5 <\/strong>solen st\u00e5r som allra h\u00f6gst p\u00e5 himlen har det varit ovanligt m\u00f6rkt. F\u00f6r vilken g\u00e5ng i ordningen piskar det stundande midsommarv\u00e4dret mot f\u00f6nsterrutorna?!<\/p>\n<p><a href=\"http:\/\/www.mariaabrahamsson.nu\/wp-content\/uploads\/2011\/06\/Fotograferna-v\u00e4ntar-ot\u00e5ligt.jpeg\"><img loading=\"lazy\" decoding=\"async\" class=\"alignright size-medium wp-image-5183\" title=\"Fotograferna v\u00e4ntar ot\u00e5ligt\" src=\"http:\/\/www.mariaabrahamsson.nu\/wp-content\/uploads\/2011\/06\/Fotograferna-v\u00e4ntar-ot\u00e5ligt-300x225.jpg\" alt=\"\" width=\"300\" height=\"225\" srcset=\"https:\/\/www.mariaabrahamsson.nu\/wp-content\/uploads\/2011\/06\/Fotograferna-v\u00e4ntar-ot\u00e5ligt-300x225.jpg 300w, https:\/\/www.mariaabrahamsson.nu\/wp-content\/uploads\/2011\/06\/Fotograferna-v\u00e4ntar-ot\u00e5ligt.jpeg 640w\" sizes=\"auto, (max-width: 300px) 100vw, 300px\" \/><\/a>S\u00e5 mycket ljuvligare var det i g\u00e5r n\u00e4r kr\u00f6garparet Melker Andersson och Daniel Coyet bj\u00f6d in till en fantastisk kv\u00e4ll p\u00e5 nyrenoverade <a href=\"http:\/\/villagodthem.se\/\">Villa Godthem<\/a> p\u00e5 Kungliga Djurg\u00e5rden.<\/p>\n<p><strong>Jepp, Hans Majest\u00e4t <\/strong>Konungen och en avsp\u00e4nd Drottning Silvia (hon log i alla fall \u00e5t mitt h\u00e5ll!) satt i en v\u00e4lbevakad soffa i s\u00e4llskap med utvalda v\u00e4nner.<\/p>\n<p>Nix, Advokatsamfundets <a href=\"http:\/\/annerambergs.wordpress.com\/2011\/05\/31\/om-fortal-utpressning-och-medial-anstandighet\/\">Anne Ramberg<\/a> syntes inte till.\u00a0D\u00e4remot skymtade jag BP:s styrelseordf\u00f6rande Carl-Henrik Svanberg.<\/p>\n<p>Jod\u00e5, vi andra bj\u00f6ds p\u00e5 samma delikatesser som serverades vid kungabordet. Fattas bara annat.<\/p>\n<p><a href=\"http:\/\/www.mariaabrahamsson.nu\/wp-content\/uploads\/2011\/06\/Puttrande-Djurg\u00e5rdskalv-med-kantareller.jpeg\"><img loading=\"lazy\" decoding=\"async\" class=\"alignleft size-medium wp-image-5184\" title=\"Puttrande Djurg\u00e5rdskalv med kantareller\" src=\"http:\/\/www.mariaabrahamsson.nu\/wp-content\/uploads\/2011\/06\/Puttrande-Djurg\u00e5rdskalv-med-kantareller-225x300.jpg\" alt=\"\" width=\"225\" height=\"300\" srcset=\"https:\/\/www.mariaabrahamsson.nu\/wp-content\/uploads\/2011\/06\/Puttrande-Djurg\u00e5rdskalv-med-kantareller-225x300.jpg 225w, https:\/\/www.mariaabrahamsson.nu\/wp-content\/uploads\/2011\/06\/Puttrande-Djurg\u00e5rdskalv-med-kantareller.jpeg 480w\" sizes=\"auto, (max-width: 225px) 100vw, 225px\" \/><\/a><\/p>\n<p><strong>H\u00e4r r\u00f6r kocken i vad <\/strong>jag skulle kora som kv\u00e4llens ljuvligaste anr\u00e4ttning: Djurg\u00e5rdskalv (!) kompletterad med en och annan liter gr\u00e4dde, kantareller, goda b\u00f6nor och rara sm\u00e5l\u00f6kar.<\/p>\n<p>D\u00e4rut\u00f6ver hade vi halv-, kvarts- och tredjedelsk\u00e4ndisar det stora n\u00f6jet att f\u00e5 gnugga oss med varandra runt de gener\u00f6st utplacerade vattenh\u00e5len.<\/p>\n<p><strong>Som Stockholmspolitiker<\/strong> och allt h\u00e5rdare ansatt av frustrerade v\u00e4ljare, f\u00f6r att inte s\u00e4ga f\u00f6rbannade kollektivtrafiktrafikanter, s\u00e5g jag min chans att avhandla Stockholms tunnelbaneinfarkt med s\u00e5v\u00e4l Handelskammarens vd Maria Rankka, stadens trafik- och arbetsmarknadsborgarr\u00e5d Ulla Hamilton samt stadsbyggnadsr\u00e5det Regina Kevius.<\/p>\n<p>Stadens allt mer mystiska\u00a0<a href=\"http:\/\/www.svd.se\/nyheter\/inrikes\/wennerholm-underkanner-tunnelbanebehov_6231918.svd\">sp\u00e5rvagnsman<\/a> gjorde d\u00e4remot sitt b\u00e4sta f\u00f6r att inte synas. Nej, jag f\u00f6rs\u00f6kte inte hitta honom heller. Men visst var han d\u00e4r.<\/p>\n<p><strong>Du undrar vad vi<\/strong> M-kvinnor kom fram till i fr\u00e5ga om den framtida kollektivtrafiken i Stockholms stad?<\/p>\n<p>Sl\u00e5 mig en signal &#8230;<\/p>\n<p><strong>Men i morse n\u00e4r jag knatad<\/strong>e till riksdagshuset var det inte kollektivtrafikl\u00f6sningarna som bultade innanf\u00f6r pannbenet. Det medges.<\/p>\n<p>Ungef\u00e4r 200 meter fr\u00e5n glasskiosken p\u00e5 Mynttorget konstaterade jag att jo, d\u00e4r framme g\u00e5r han, snart m\u00f6ter jag honom, det vill s\u00e4ga H\u00e5kan Juholt. Mina tankar var inte j\u00e4ttesk\u00e4rpta. D\u00e4rf\u00f6r fick jag bara fram ett mesigt hej i st\u00e4llet f\u00f6r att tv\u00e4rstanna, str\u00e4cka fram h\u00f6gerkardan och fr\u00e5ga: Varf\u00f6r lj\u00f6g du i <a href=\"http:\/\/www.riksdagen.se\/webbnav\/?nid=101&amp;dok_id=GY09116&amp;bet=2010\/11:116\">partiledardebatten?<\/a><\/p>\n<p>F\u00f6r det var precis vad Juholt gjorde n\u00e4r han, som det har visat sig, skenheligt markerade mot Sverigedemokraterna. Tv\u00e5 dagar senare gjorde Socialdemokraterna i Socialf\u00f6rs\u00e4kringsutskottet upp med\u00a0Sverigedemokraterna och la fram tv\u00e5 f\u00f6rslag om \u00e5terst\u00e4llande av sjukf\u00f6rs\u00e4kringen.<\/p>\n<p><strong>Att alliansregeringen redan<\/strong> har genomf\u00f6rt en \u00f6versyn med f\u00f6rslag som nu \u00e4r ute p\u00e5 remiss struntar oppositionen ansvarsl\u00f6st i. Den h\u00e4r vulg\u00e4ra formen av populism \u00e4r ny f\u00f6r mig. Nog f\u00f6r att jag har varit med ett bra tag i politiken om inte som politiker s\u00e5 som hyfsat politiskt orienterad, men i dagsl\u00e4get verkar sossarna ha tappat alla koncept.<\/p>\n<p><strong>Efter kv\u00e4llens debatt i kammaren<\/strong> som kanske inte ni men jag slaviskt f\u00f6ljde\u00a0g\u00f6r jag v\u00e5gen f\u00f6r Gunnar Ax\u00e9n. Han \u00e4r inte bara en gammal god v\u00e4n och handl\u00e4ggarkollega fr\u00e5n M-kansliet p\u00e5 90-talet, han \u00e4r i realtid min mentor och tillika ordf\u00f6rande i Socialf\u00f6rs\u00e4kringsutskottet. Gunnars &#8221;partik\u00e4mp&#8221; kan du ta del av <a href=\"http:\/\/www.gunnaraxen.se\/\">h\u00e4r<\/a>.<\/p>\n<p>Men sj\u00e4lvklart gjorde i kv\u00e4ll flera partikompisar ett\u00a0<a href=\"http:\/\/www.gunnaraxen.se\/\">styvt jobb<\/a> i talarstolen! \u00a0Ta mig f-n, jag \u00e4r stolt \u00f6ver att vara moderat!<\/p>\n","protected":false},"excerpt":{"rendered":"<p>F\u00f6r\u00a0att vara dygnet d\u00e5 solen st\u00e5r som allra h\u00f6gst p\u00e5 himlen har det varit ovanligt m\u00f6rkt. F\u00f6r vilken g\u00e5ng i ordningen piskar det stundande midsommarv\u00e4dret mot f\u00f6nsterrutorna?! S\u00e5 mycket ljuvligare var det i g\u00e5r n\u00e4r kr\u00f6garparet Melker Andersson och Daniel Coyet bj\u00f6d in till en fantastisk kv\u00e4ll p\u00e5 nyrenoverade Villa Godthem p\u00e5 Kungliga Djurg\u00e5rden. Jepp,&hellip;<\/p>\n<p class=\"more-link-p\"><a class=\"more-link\" href=\"https:\/\/www.mariaabrahamsson.nu\/index.php\/2011\/06\/21\/terminen-gar-mot-sitt-slut-och-jag-ar-stolt-moderat\/\">Read more &rarr;<\/a><\/p>\n","protected":false},"author":2,"featured_media":0,"comment_status":"open","ping_status":"open","sticky":false,"template":"","format":"standard","meta":{"footnotes":""},"categories":[1],"tags":[],"class_list":["post-5182","post","type-post","status-publish","format-standard","hentry","category-uncategorized"],"_links":{"self":[{"href":"https:\/\/www.mariaabrahamsson.nu\/index.php\/wp-json\/wp\/v2\/posts\/5182","targetHints":{"allow":["GET"]}}],"collection":[{"href":"https:\/\/www.mariaabrahamsson.nu\/index.php\/wp-json\/wp\/v2\/posts"}],"about":[{"href":"https:\/\/www.mariaabrahamsson.nu\/index.php\/wp-json\/wp\/v2\/types\/post"}],"author":[{"embeddable":true,"href":"https:\/\/www.mariaabrahamsson.nu\/index.php\/wp-json\/wp\/v2\/users\/2"}],"replies":[{"embeddable":true,"href":"https:\/\/www.mariaabrahamsson.nu\/index.php\/wp-json\/wp\/v2\/comments?post=5182"}],"version-history":[{"count":0,"href":"https:\/\/www.mariaabrahamsson.nu\/index.php\/wp-json\/wp\/v2\/posts\/5182\/revisions"}],"wp:attachment":[{"href":"https:\/\/www.mariaabrahamsson.nu\/index.php\/wp-json\/wp\/v2\/media?parent=5182"}],"wp:term":[{"taxonomy":"category","embeddable":true,"href":"https:\/\/www.mariaabrahamsson.nu\/index.php\/wp-json\/wp\/v2\/categories?post=5182"},{"taxonomy":"post_tag","embeddable":true,"href":"https:\/\/www.mariaabrahamsson.nu\/index.php\/wp-json\/wp\/v2\/tags?post=5182"}],"curies":[{"name":"wp","href":"https:\/\/api.w.org\/{rel}","templated":true}]}}