{"id":5139,"date":"2011-06-14T17:52:48","date_gmt":"2011-06-14T15:52:48","guid":{"rendered":"http:\/\/www.mariaabrahamsson.nu\/?p=5139"},"modified":"2011-06-15T00:17:33","modified_gmt":"2011-06-14T22:17:33","slug":"i-vantan-pa-morgonens-partiledardebatt-aker-vi-bat-i-kvall","status":"publish","type":"post","link":"https:\/\/www.mariaabrahamsson.nu\/index.php\/2011\/06\/14\/i-vantan-pa-morgonens-partiledardebatt-aker-vi-bat-i-kvall\/","title":{"rendered":"I v\u00e4ntan p\u00e5 morgonens partiledardebatt \u00e5ker vi b\u00e5t i kv\u00e4ll"},"content":{"rendered":"<p><strong>S\u00e5 var veckans m\u00f6te<\/strong> med riksdagsgruppen avklarat. Snacka om diger lunta bet\u00e4nkanden som skulle g\u00e5s igenom inf\u00f6r voteringarna i morgon och p\u00e5 torsdag.<\/p>\n<p>I morgon ja, d\u00e5 m\u00f6ts \u00e4ntligen landets statsminister och Socialdemokraternas H\u00e5kan Juholt i deras f\u00f6rsta partiledardebatt. Gissa om jag har anm\u00e4lt sen ankomst till Domarn\u00e4mnden som sammantr\u00e4der med start en timme in i debatten.<\/p>\n<p><a href=\"http:\/\/www.mariaabrahamsson.nu\/wp-content\/uploads\/2011\/06\/Sommarfikande-M-ledam\u00f6ter.jpeg\"><img loading=\"lazy\" decoding=\"async\" class=\"alignleft size-medium wp-image-5140\" title=\"Sommarfikande M-ledam\u00f6ter\" src=\"http:\/\/www.mariaabrahamsson.nu\/wp-content\/uploads\/2011\/06\/Sommarfikande-M-ledam\u00f6ter-300x225.jpg\" alt=\"\" width=\"300\" height=\"225\" srcset=\"https:\/\/www.mariaabrahamsson.nu\/wp-content\/uploads\/2011\/06\/Sommarfikande-M-ledam\u00f6ter-300x225.jpg 300w, https:\/\/www.mariaabrahamsson.nu\/wp-content\/uploads\/2011\/06\/Sommarfikande-M-ledam\u00f6ter.jpeg 640w\" sizes=\"auto, (max-width: 300px) 100vw, 300px\" \/><\/a>S\u00e5 h\u00e4r inp\u00e5 sluttampen \u00e4r det full rulle med andra ord, samtidigt som sommarlovsk\u00e4nslan ofr\u00e5nkomligt sprider sig bland riksdagens ledam\u00f6ter.<\/p>\n<p><strong>Allts\u00e5 var vi ganska m\u00e5nga<\/strong> som i eftermiddags l\u00e4t oss v\u00e4l smaka av Talmannens sommarkaffe p\u00e5 Riksplan. H\u00e4rintill ser ni mina partikompisar Eva Bengtsson Skogsberg (t h) och Eva Lohman mumsandes \u00a0p\u00e5 god kaka.<\/p>\n<p>Och i kv\u00e4ll b\u00e4r det ut p\u00e5 b\u00f6ljan med riksdagens nystartade fritidsb\u00e5tsn\u00e4tverk. En oemotst\u00e5ndlig b\u00e5ttur \u00e4r utlovad p\u00e5 Stockholms vatten via Karlbergskanalen till Heleneborgs B\u00e5tklubb i L\u00e5ngholmskanalen.<\/p>\n<p><strong>Under trivsamma former <\/strong>kommer vi att bli informerade om fritidsb\u00e5tlivet. Visst l\u00e5ter det som en h\u00f6jdarkv\u00e4ll!<\/p>\n","protected":false},"excerpt":{"rendered":"<p>S\u00e5 var veckans m\u00f6te med riksdagsgruppen avklarat. Snacka om diger lunta bet\u00e4nkanden som skulle g\u00e5s igenom inf\u00f6r voteringarna i morgon och p\u00e5 torsdag. I morgon ja, d\u00e5 m\u00f6ts \u00e4ntligen landets statsminister och Socialdemokraternas H\u00e5kan Juholt i deras f\u00f6rsta partiledardebatt. Gissa om jag har anm\u00e4lt sen ankomst till Domarn\u00e4mnden som sammantr\u00e4der med start en timme in&hellip;<\/p>\n<p class=\"more-link-p\"><a class=\"more-link\" href=\"https:\/\/www.mariaabrahamsson.nu\/index.php\/2011\/06\/14\/i-vantan-pa-morgonens-partiledardebatt-aker-vi-bat-i-kvall\/\">Read more &rarr;<\/a><\/p>\n","protected":false},"author":2,"featured_media":0,"comment_status":"open","ping_status":"open","sticky":false,"template":"","format":"standard","meta":{"footnotes":""},"categories":[1],"tags":[],"class_list":["post-5139","post","type-post","status-publish","format-standard","hentry","category-uncategorized"],"_links":{"self":[{"href":"https:\/\/www.mariaabrahamsson.nu\/index.php\/wp-json\/wp\/v2\/posts\/5139","targetHints":{"allow":["GET"]}}],"collection":[{"href":"https:\/\/www.mariaabrahamsson.nu\/index.php\/wp-json\/wp\/v2\/posts"}],"about":[{"href":"https:\/\/www.mariaabrahamsson.nu\/index.php\/wp-json\/wp\/v2\/types\/post"}],"author":[{"embeddable":true,"href":"https:\/\/www.mariaabrahamsson.nu\/index.php\/wp-json\/wp\/v2\/users\/2"}],"replies":[{"embeddable":true,"href":"https:\/\/www.mariaabrahamsson.nu\/index.php\/wp-json\/wp\/v2\/comments?post=5139"}],"version-history":[{"count":0,"href":"https:\/\/www.mariaabrahamsson.nu\/index.php\/wp-json\/wp\/v2\/posts\/5139\/revisions"}],"wp:attachment":[{"href":"https:\/\/www.mariaabrahamsson.nu\/index.php\/wp-json\/wp\/v2\/media?parent=5139"}],"wp:term":[{"taxonomy":"category","embeddable":true,"href":"https:\/\/www.mariaabrahamsson.nu\/index.php\/wp-json\/wp\/v2\/categories?post=5139"},{"taxonomy":"post_tag","embeddable":true,"href":"https:\/\/www.mariaabrahamsson.nu\/index.php\/wp-json\/wp\/v2\/tags?post=5139"}],"curies":[{"name":"wp","href":"https:\/\/api.w.org\/{rel}","templated":true}]}}