{"id":5008,"date":"2011-05-22T13:16:59","date_gmt":"2011-05-22T11:16:59","guid":{"rendered":"http:\/\/www.mariaabrahamsson.nu\/?p=5008"},"modified":"2011-08-05T21:18:41","modified_gmt":"2011-08-05T19:18:41","slug":"erkanner-jag-vaknade-sent-i-mangafallet-men-klarvaken-nu","status":"publish","type":"post","link":"https:\/\/www.mariaabrahamsson.nu\/index.php\/2011\/05\/22\/erkanner-jag-vaknade-sent-i-mangafallet-men-klarvaken-nu\/","title":{"rendered":"Erk\u00e4nner, jag vaknade sent i Mangafallet men klarvaken nu!"},"content":{"rendered":"<p><strong>H\u00e4r ett<\/strong> kusligt\u00a0<a href=\"http:\/\/www.sydsvenskan.se\/kultur-och-nojen\/article1475275\/Den-dubbelt-domde.html\">l\u00e4stips<\/a> som t\u00e4r p\u00e5 v\u00e4lbefinnandet denna sk\u00f6na s\u00f6ndag.<\/p>\n<p>Sent ska syndaren vakna, anklagar jag mig sj\u00e4lv. F\u00f6r sj\u00e4lvklart anst\u00e5r det inte ett land som g\u00f6r anspr\u00e5k p\u00e5 att vara en r\u00e4ttsstat att f\u00f6rbjuda sina medborgare att ha tecknade\u00a0Mangaserier i bokhyllan. Om H\u00f6gsta domstolen inte tar upp fallet och \u00e5tg\u00e4rdar detta <a href=\"http:\/\/www.unt.se\/uppsala\/mangadom-en-censurskandal-1297207.aspx\">konstitutionella haveri<\/a> \u00e5terst\u00e5r bara f\u00f6r oss lagstiftare att g\u00f6ra det. S\u00e5 \u00e4r det.<\/p>\n<p><strong>Pedagogiskt <\/strong>f\u00f6rklarar juristprofessor<strong> <\/strong><a href=\"http:\/\/martenschultz.wordpress.com\/\">M\u00e5rten Schultz <\/a>r\u00e4ttsl\u00e4get\u00a0<a href=\"http:\/\/martenschultz.wordpress.com\/2011\/01\/28\/mangadomen\/\">h\u00e4r<\/a>.<\/p>\n","protected":false},"excerpt":{"rendered":"<p>H\u00e4r ett kusligt\u00a0l\u00e4stips som t\u00e4r p\u00e5 v\u00e4lbefinnandet denna sk\u00f6na s\u00f6ndag. Sent ska syndaren vakna, anklagar jag mig sj\u00e4lv. F\u00f6r sj\u00e4lvklart anst\u00e5r det inte ett land som g\u00f6r anspr\u00e5k p\u00e5 att vara en r\u00e4ttsstat att f\u00f6rbjuda sina medborgare att ha tecknade\u00a0Mangaserier i bokhyllan. Om H\u00f6gsta domstolen inte tar upp fallet och \u00e5tg\u00e4rdar detta konstitutionella haveri \u00e5terst\u00e5r&hellip;<\/p>\n<p class=\"more-link-p\"><a class=\"more-link\" href=\"https:\/\/www.mariaabrahamsson.nu\/index.php\/2011\/05\/22\/erkanner-jag-vaknade-sent-i-mangafallet-men-klarvaken-nu\/\">Read more &rarr;<\/a><\/p>\n","protected":false},"author":2,"featured_media":0,"comment_status":"open","ping_status":"open","sticky":false,"template":"","format":"standard","meta":{"footnotes":""},"categories":[1],"tags":[],"class_list":["post-5008","post","type-post","status-publish","format-standard","hentry","category-uncategorized"],"_links":{"self":[{"href":"https:\/\/www.mariaabrahamsson.nu\/index.php\/wp-json\/wp\/v2\/posts\/5008","targetHints":{"allow":["GET"]}}],"collection":[{"href":"https:\/\/www.mariaabrahamsson.nu\/index.php\/wp-json\/wp\/v2\/posts"}],"about":[{"href":"https:\/\/www.mariaabrahamsson.nu\/index.php\/wp-json\/wp\/v2\/types\/post"}],"author":[{"embeddable":true,"href":"https:\/\/www.mariaabrahamsson.nu\/index.php\/wp-json\/wp\/v2\/users\/2"}],"replies":[{"embeddable":true,"href":"https:\/\/www.mariaabrahamsson.nu\/index.php\/wp-json\/wp\/v2\/comments?post=5008"}],"version-history":[{"count":0,"href":"https:\/\/www.mariaabrahamsson.nu\/index.php\/wp-json\/wp\/v2\/posts\/5008\/revisions"}],"wp:attachment":[{"href":"https:\/\/www.mariaabrahamsson.nu\/index.php\/wp-json\/wp\/v2\/media?parent=5008"}],"wp:term":[{"taxonomy":"category","embeddable":true,"href":"https:\/\/www.mariaabrahamsson.nu\/index.php\/wp-json\/wp\/v2\/categories?post=5008"},{"taxonomy":"post_tag","embeddable":true,"href":"https:\/\/www.mariaabrahamsson.nu\/index.php\/wp-json\/wp\/v2\/tags?post=5008"}],"curies":[{"name":"wp","href":"https:\/\/api.w.org\/{rel}","templated":true}]}}