{"id":4875,"date":"2011-05-08T21:59:04","date_gmt":"2011-05-08T19:59:04","guid":{"rendered":"http:\/\/www.mariaabrahamsson.nu\/?p=4875"},"modified":"2011-05-08T22:23:13","modified_gmt":"2011-05-08T20:23:13","slug":"val-vard-vinsippen-pa-balkongen","status":"publish","type":"post","link":"https:\/\/www.mariaabrahamsson.nu\/index.php\/2011\/05\/08\/val-vard-vinsippen-pa-balkongen\/","title":{"rendered":"V\u00e4l v\u00e4rd vinsippen p\u00e5 balkongen"},"content":{"rendered":"<p><a href=\"http:\/\/www.mariaabrahamsson.nu\/wp-content\/uploads\/2011\/05\/f\u00f6rsta-balkongvinet.jpeg\"><img loading=\"lazy\" decoding=\"async\" class=\"alignleft size-medium wp-image-4876\" title=\"f\u00f6rsta balkongvinet\" src=\"http:\/\/www.mariaabrahamsson.nu\/wp-content\/uploads\/2011\/05\/f\u00f6rsta-balkongvinet-300x225.jpg\" alt=\"\" width=\"300\" height=\"225\" srcset=\"https:\/\/www.mariaabrahamsson.nu\/wp-content\/uploads\/2011\/05\/f\u00f6rsta-balkongvinet-300x225.jpg 300w, https:\/\/www.mariaabrahamsson.nu\/wp-content\/uploads\/2011\/05\/f\u00f6rsta-balkongvinet.jpeg 640w\" sizes=\"auto, (max-width: 300px) 100vw, 300px\" \/><\/a><strong>F\u00f6r n\u00e5gra timmar sedan<\/strong> inmundigade jag \u00e5rets f\u00f6rsta balkongvinsipp. Okej d\u00e5, klunk. Men den var jag verkligen v\u00e4rd efter en arbetstyngd vecka som avslutades f\u00f6rst vid tv\u00e5tiden i dag d\u00e5 artikeln gick i v\u00e4g till Expressens debattredakt\u00f6r.<\/p>\n<p>Vad jag skriver om? Hehe. Den som l\u00e4ser Expressen sidan 4 i morgon f\u00e5r se. Men s\u00e5 mycket kan jag avsl\u00f6ja att alla omr\u00f6stningar vid Stockholmsmoderaternas st\u00e4mma i helgen gick inte partiets v\u00e4g&#8230;<\/p>\n<p><strong>Jag tar risken att verka <\/strong>n\u00f6rdig, men det k\u00e4ndes l\u00f6jligt m\u00e4rkv\u00e4rdigt att som ombud f\u00e5 f\u00f6retr\u00e4da min f\u00f6rening H\u00f6galidsmoderaterna i ett s\u00e5 viktigt partisammanhang d\u00e4r beslut mejslas fram i demokratisk ordning och politik i n\u00e5gon mening l\u00e4ggs fast.<\/p>\n<p>L\u00e5t vara att varken <a href=\"http:\/\/svt.se\/2.116612\/1.2418283\/inte_bara_juholt_har_anledning_att_vara_orolig\">jobblinjen<\/a> eller <a href=\"http:\/\/www.expressen.se\/nyheter\/1.2427292\/borg-socialdemokraterna-ar-forodande-for-barnfattigdomen\">barnfattigdomen<\/a> var f\u00f6rem\u00e5l f\u00f6r n\u00e5gon livligare debatt i landstingsfullm\u00e4ktigesalen p\u00e5 Kungsholmen d\u00e4r vi Stockholmsmoderater som inte bes\u00f6kt <a href=\"http:\/\/tokmoderaten.blogspot.com\/2011\/05\/sverigemotet-borgeriets-basta-borg.html\">Sverigem\u00f6tet<\/a> har tillbringat st\u00f6rre delen av helgen.<\/p>\n<p><strong>Men det on\u00f6digt h\u00f6ga<\/strong> skattetrycket (s\u00e4rskilt v\u00e4rnskatten), bristerna i skolan och nedskr\u00e4pningen av stadens gr\u00f6nomr\u00e5den diskuterades desto flitigare. Som lagstiftare gr\u00e4mer jag mig fortfarande \u00f6ver att jag i klimatets, f\u00f6rl\u00e5t debattens, hetta inte kom i h\u00e5g att sl\u00e5 ett slag f\u00f6r lag\u00e4ndringen som tr\u00e4der i kraft den 1 juli och som inneb\u00e4r att polisen p\u00e5 plats kommer att kunna <a href=\"http:\/\/www.dn.se\/nyheter\/sverige\/boter-direkt-ska-fa-bort-skrapet\">straffa <\/a>skr\u00e4pmarod\u00f6rerna i bland annat Tantolunden h\u00e4r p\u00e5 S\u00f6dermalm.<\/p>\n<p>Nedanf\u00f6r kan ni f\u00f6rresten se mig &#8221;brinna&#8221; i talarstolen f\u00f6r att surrogatmoderskap ska bli m\u00f6jligt f\u00f6r barnl\u00f6sa par \u00e4ven i Sverige. Ja, s\u00e5 att barnl\u00e4ngtande svenskar ska slippa att \u00e5ka till Indien f\u00f6r att d\u00e4r mot mer eller vanligtvis mindre rimlig betalning tvingas anlita en surrogatmoder att b\u00e4ra och f\u00f6da deras barn. Ett barn som allts\u00e5 lika g\u00e4rna borde kunna f\u00f6das i Sverige om inte den svenska lagstiftningen hade lagt hinder i v\u00e4gen.<\/p>\n<p><strong>S\u00e5 kan vi inte ha<\/strong> det menar jag, och den uppfattningen delade gl\u00e4djande nog den moderata f\u00f6rbundsst\u00e4mman i Stockholm stad som beslutade att bifalla mitt motionsyrkande och l\u00e5ta fr\u00e5gan g\u00e5 vidare f\u00f6r debatt och beslut vid h\u00f6stens partist\u00e4mma.<\/p>\n<p>Akta sig partiledningen vilken tr\u00e4ning jag har f\u00e5tt inf\u00f6r det moderata <a href=\"http:\/\/www.moderat.se\/web\/Partistamman2011.aspx\">storm\u00f6tet<\/a> i oktober!<\/p>\n<p><a href=\"http:\/\/www.mariaabrahamsson.nu\/wp-content\/uploads\/2011\/05\/st\u00e4mmodelegat-i-farten.jpeg\"><img loading=\"lazy\" decoding=\"async\" class=\"alignright size-medium wp-image-4877\" title=\"st\u00e4mmodelegat i farten\" src=\"http:\/\/www.mariaabrahamsson.nu\/wp-content\/uploads\/2011\/05\/st\u00e4mmodelegat-i-farten-225x300.jpg\" alt=\"\" width=\"225\" height=\"300\" srcset=\"https:\/\/www.mariaabrahamsson.nu\/wp-content\/uploads\/2011\/05\/st\u00e4mmodelegat-i-farten-225x300.jpg 225w, https:\/\/www.mariaabrahamsson.nu\/wp-content\/uploads\/2011\/05\/st\u00e4mmodelegat-i-farten.jpeg 480w\" sizes=\"auto, (max-width: 225px) 100vw, 225px\" \/><\/a><\/p>\n","protected":false},"excerpt":{"rendered":"<p>F\u00f6r n\u00e5gra timmar sedan inmundigade jag \u00e5rets f\u00f6rsta balkongvinsipp. Okej d\u00e5, klunk. Men den var jag verkligen v\u00e4rd efter en arbetstyngd vecka som avslutades f\u00f6rst vid tv\u00e5tiden i dag d\u00e5 artikeln gick i v\u00e4g till Expressens debattredakt\u00f6r. Vad jag skriver om? Hehe. Den som l\u00e4ser Expressen sidan 4 i morgon f\u00e5r se. Men s\u00e5 mycket&hellip;<\/p>\n<p class=\"more-link-p\"><a class=\"more-link\" href=\"https:\/\/www.mariaabrahamsson.nu\/index.php\/2011\/05\/08\/val-vard-vinsippen-pa-balkongen\/\">Read more &rarr;<\/a><\/p>\n","protected":false},"author":2,"featured_media":0,"comment_status":"open","ping_status":"open","sticky":false,"template":"","format":"standard","meta":{"footnotes":""},"categories":[1],"tags":[],"class_list":["post-4875","post","type-post","status-publish","format-standard","hentry","category-uncategorized"],"_links":{"self":[{"href":"https:\/\/www.mariaabrahamsson.nu\/index.php\/wp-json\/wp\/v2\/posts\/4875","targetHints":{"allow":["GET"]}}],"collection":[{"href":"https:\/\/www.mariaabrahamsson.nu\/index.php\/wp-json\/wp\/v2\/posts"}],"about":[{"href":"https:\/\/www.mariaabrahamsson.nu\/index.php\/wp-json\/wp\/v2\/types\/post"}],"author":[{"embeddable":true,"href":"https:\/\/www.mariaabrahamsson.nu\/index.php\/wp-json\/wp\/v2\/users\/2"}],"replies":[{"embeddable":true,"href":"https:\/\/www.mariaabrahamsson.nu\/index.php\/wp-json\/wp\/v2\/comments?post=4875"}],"version-history":[{"count":0,"href":"https:\/\/www.mariaabrahamsson.nu\/index.php\/wp-json\/wp\/v2\/posts\/4875\/revisions"}],"wp:attachment":[{"href":"https:\/\/www.mariaabrahamsson.nu\/index.php\/wp-json\/wp\/v2\/media?parent=4875"}],"wp:term":[{"taxonomy":"category","embeddable":true,"href":"https:\/\/www.mariaabrahamsson.nu\/index.php\/wp-json\/wp\/v2\/categories?post=4875"},{"taxonomy":"post_tag","embeddable":true,"href":"https:\/\/www.mariaabrahamsson.nu\/index.php\/wp-json\/wp\/v2\/tags?post=4875"}],"curies":[{"name":"wp","href":"https:\/\/api.w.org\/{rel}","templated":true}]}}